{"id":123395,"date":"2021-08-05T12:28:14","date_gmt":"2021-08-05T16:28:14","guid":{"rendered":"https:\/\/linitiative.ca\/International\/oudalan-une-attaque-terroriste-fait-11-civils-quatre-vdp-et-15-militaires-tues-ce-4-aout-2021-communique\/"},"modified":"2021-08-05T12:28:14","modified_gmt":"2021-08-05T16:28:14","slug":"oudalan-une-attaque-terroriste-fait-11-civils-quatre-vdp-et-15-militaires-tues-ce-4-aout-2021-communique","status":"publish","type":"post","link":"https:\/\/linitiative.ca\/International\/oudalan-une-attaque-terroriste-fait-11-civils-quatre-vdp-et-15-militaires-tues-ce-4-aout-2021-communique\/","title":{"rendered":"Oudalan\u00a0: une attaque terroriste fait 11 civils, quatre VDP et 15 militaires tu\u00e9s ce 4 aout 2021 (communiqu\u00e9)"},"content":{"rendered":"<div>\n<p>Dans un communiqu\u00e9 de presse de l\u2019arm\u00e9e sign\u00e9 par le ministre d\u00e9l\u00e9gu\u00e9 \u00e0 la d\u00e9fense, le col major, Aim\u00e9 \u00a0Barthelemy Simpor\u00e9 , \u00a0indique qu\u2019aux environs de 12 heures ce jeudi 4 ao\u00fbt 2021, \u00a0des populations de Dambam, Gudba, Tokambangou, localit\u00e9s situ\u00e9es environ 11 km de Markoye dans la province de l\u2019Oudalan, proches de la fronti\u00e8re du\u00a0 Niger ont \u00e9t\u00e9 la cible d\u2019une attaque de groupes armes terroristes ayant entrain\u00e9 la mort de 11 civils, du b\u00e9tail emport\u00e9 et des concessions incendi\u00e9es. \u00a0Le m\u00eame communiqu\u00e9 pr\u00e9cise, qu\u2019une unit\u00e9 de d\u00e9tachement militaire de Markoye avec des VDP a \u00e9t\u00e9 imm\u00e9diatement d\u00e9ploy\u00e9e pour s\u00e9curiser les dites populations.\u00a0 Au cours des op\u00e9rations l\u2019unit\u00e9 a \u00e9t\u00e9 prise \u00e0 \u00a0partie vers 16 heures dans les environs du village de \u00a0Tokambangou.\u00a0 Le bilan de cette attaque est de 15 militaires et quatre VDP d\u00e9c\u00e9d\u00e9s et plus d\u2019une vingtaine de terroristes neutralis\u00e9e. La zone est actuellement sous contr\u00f4le des unit\u00e9s militaires et la contre-offensive pour retrouver les assaillants se poursuit avec des moyens a\u00e9riens et terrestres, peut on lire dans le communiqu\u00e9.<\/p>\n<p>BS<\/p>\n<p>L\u2019article <a rel=\"nofollow\" href=\"https:\/\/www.sidwaya.info\/blog\/2021\/08\/05\/oudalan-une-attaque-terroriste-fait-11-civils-quatre-vdp-et-15-militaires-tues-ce-4-aout-2021-communique\/\">Oudalan\u00a0: une attaque terroriste fait 11 civils, quatre VDP et 15 militaires tu\u00e9s ce 4 aout 2021 (communiqu\u00e9)<\/a> est apparu en premier sur <a rel=\"nofollow\" href=\"https:\/\/www.sidwaya.info\/\">Quotidien Sidwaya<\/a>.<\/p>\n<\/div>\n<p>Auteur: BS. Sidwaya<br \/>\n<a href=\"https:\/\/www.sidwaya.info\/blog\/2021\/08\/05\/oudalan-une-attaque-terroriste-fait-11-civils-quatre-vdp-et-15-militaires-tues-ce-4-aout-2021-communique\/\">Cliquez ici pour lire l&rsquo;article depuis sa source.<\/a><\/p>\n","protected":false},"excerpt":{"rendered":"<p>Dans un communiqu\u00e9 de presse de l\u2019arm\u00e9e sign\u00e9 par le ministre d\u00e9l\u00e9gu\u00e9 \u00e0 la d\u00e9fense, le col major, Aim\u00e9 \u00a0Barthelemy Simpor\u00e9 , \u00a0indique qu\u2019aux environs de 12 heures ce jeudi 4 ao\u00fbt 2021, \u00a0des populations de Dambam, Gudba, Tokambangou, localit\u00e9s situ\u00e9es environ 11 km de Markoye dans la province de l\u2019Oudalan, proches de la fronti\u00e8re [&hellip;]<\/p>\n","protected":false},"author":1816,"featured_media":0,"comment_status":"closed","ping_status":"closed","sticky":false,"template":"","format":"standard","meta":{"fifu_image_url":"","fifu_image_alt":"","footnotes":""},"categories":[73,81],"tags":[],"class_list":["post-123395","post","type-post","status-publish","format-standard","hentry","category-actualite","category-burkina-faso"],"_links":{"self":[{"href":"https:\/\/linitiative.ca\/International\/wp-json\/wp\/v2\/posts\/123395","targetHints":{"allow":["GET"]}}],"collection":[{"href":"https:\/\/linitiative.ca\/International\/wp-json\/wp\/v2\/posts"}],"about":[{"href":"https:\/\/linitiative.ca\/International\/wp-json\/wp\/v2\/types\/post"}],"author":[{"embeddable":true,"href":"https:\/\/linitiative.ca\/International\/wp-json\/wp\/v2\/users\/1816"}],"replies":[{"embeddable":true,"href":"https:\/\/linitiative.ca\/International\/wp-json\/wp\/v2\/comments?post=123395"}],"version-history":[{"count":0,"href":"https:\/\/linitiative.ca\/International\/wp-json\/wp\/v2\/posts\/123395\/revisions"}],"wp:attachment":[{"href":"https:\/\/linitiative.ca\/International\/wp-json\/wp\/v2\/media?parent=123395"}],"wp:term":[{"taxonomy":"category","embeddable":true,"href":"https:\/\/linitiative.ca\/International\/wp-json\/wp\/v2\/categories?post=123395"},{"taxonomy":"post_tag","embeddable":true,"href":"https:\/\/linitiative.ca\/International\/wp-json\/wp\/v2\/tags?post=123395"}],"curies":[{"name":"wp","href":"https:\/\/api.w.org\/{rel}","templated":true}]}}