{"id":123396,"date":"2021-08-05T13:05:31","date_gmt":"2021-08-05T17:05:31","guid":{"rendered":"https:\/\/linitiative.ca\/International\/fete-de-lindependance-le-roi-salman-et-le-prince-heritier-felicitent-le-president-du-faso\/"},"modified":"2021-08-05T13:05:31","modified_gmt":"2021-08-05T17:05:31","slug":"fete-de-lindependance-le-roi-salman-et-le-prince-heritier-felicitent-le-president-du-faso","status":"publish","type":"post","link":"https:\/\/linitiative.ca\/International\/fete-de-lindependance-le-roi-salman-et-le-prince-heritier-felicitent-le-president-du-faso\/","title":{"rendered":"F\u00eate de l\u2019ind\u00e9pendance: Le roi Salman et le prince h\u00e9ritier f\u00e9licitent le pr\u00e9sident du Faso"},"content":{"rendered":"<div>\n<p>Le serviteur des deux Saintes mosqu\u00e9es, le roi Salman Bin Abdulaziz Al-Saud, a adress\u00e9 un message de f\u00e9licitations au pr\u00e9sident du Faso, Roch Marc Christian Kabor\u00e9, \u00e0 l\u2019occasion de la c\u00e9l\u00e9bration de la f\u00eate de l\u2019ind\u00e9pendance du pays.<\/p>\n<p>Le roi Salman a exprim\u00e9 ses sinc\u00e8res f\u00e9licitations et ses meilleurs v\u0153ux de sant\u00e9 et de bonheur \u00e0 son Excellence, ainsi qu\u2019au gouvernement et au peuple burkinab\u00e8 davantage de progr\u00e8s et de prosp\u00e9rit\u00e9.<\/p>\n<p>Son altesse royale, le prince h\u00e9ritier Mohammed Bin Salman Bin Abdulaziz, vice-pr\u00e9sident du Conseil des ministres et ministre de la d\u00e9fense, a \u00e9galement adress\u00e9 au pr\u00e9sident du Faso, Roch Marc Christian Kabor\u00e9, \u00e0 l\u2019occasion de la c\u00e9l\u00e9bration de la f\u00eate de l\u2019ind\u00e9pendance du pays.<\/p>\n<p>Le prince h\u00e9ritier a exprim\u00e9 ses sinc\u00e8res f\u00e9licitations et ses meilleurs v\u0153ux de sant\u00e9 et de bonheur \u00e0 son Excellence, ainsi qu\u2019au gouvernement et au peuple burkinab\u00e8 davantage de progr\u00e8s et de prosp\u00e9rit\u00e9.<\/p>\n<p><strong>Minist\u00e8re des affaires \u00e9trang\u00e8res du royaume d\u2019Arabie Saoudite<\/strong><\/p>\n<p>L\u2019article <a rel=\"nofollow\" href=\"https:\/\/www.sidwaya.info\/blog\/2021\/08\/05\/fete-de-lindependance-le-roi-salman-et-le-prince-heritier-felicitent-le-president-du-faso\/\">F\u00eate de l\u2019ind\u00e9pendance: Le roi Salman et le prince h\u00e9ritier f\u00e9licitent le pr\u00e9sident du Faso<\/a> est apparu en premier sur <a rel=\"nofollow\" href=\"https:\/\/www.sidwaya.info\/\">Quotidien Sidwaya<\/a>.<\/p>\n<\/div>\n<p>Auteur: BS. Sidwaya<br \/>\n<a href=\"https:\/\/www.sidwaya.info\/blog\/2021\/08\/05\/fete-de-lindependance-le-roi-salman-et-le-prince-heritier-felicitent-le-president-du-faso\/\">Cliquez ici pour lire l&rsquo;article depuis sa source.<\/a><\/p>\n","protected":false},"excerpt":{"rendered":"<p>Le serviteur des deux Saintes mosqu\u00e9es, le roi Salman Bin Abdulaziz Al-Saud, a adress\u00e9 un message de f\u00e9licitations au pr\u00e9sident du Faso, Roch Marc Christian Kabor\u00e9, \u00e0 l\u2019occasion de la c\u00e9l\u00e9bration de la f\u00eate de l\u2019ind\u00e9pendance du pays. Le roi Salman a exprim\u00e9 ses sinc\u00e8res f\u00e9licitations et ses meilleurs v\u0153ux de sant\u00e9 et de bonheur [&hellip;]<\/p>\n","protected":false},"author":1816,"featured_media":0,"comment_status":"closed","ping_status":"closed","sticky":false,"template":"","format":"standard","meta":{"fifu_image_url":"","fifu_image_alt":"","footnotes":""},"categories":[73,81],"tags":[],"class_list":["post-123396","post","type-post","status-publish","format-standard","hentry","category-actualite","category-burkina-faso"],"_links":{"self":[{"href":"https:\/\/linitiative.ca\/International\/wp-json\/wp\/v2\/posts\/123396","targetHints":{"allow":["GET"]}}],"collection":[{"href":"https:\/\/linitiative.ca\/International\/wp-json\/wp\/v2\/posts"}],"about":[{"href":"https:\/\/linitiative.ca\/International\/wp-json\/wp\/v2\/types\/post"}],"author":[{"embeddable":true,"href":"https:\/\/linitiative.ca\/International\/wp-json\/wp\/v2\/users\/1816"}],"replies":[{"embeddable":true,"href":"https:\/\/linitiative.ca\/International\/wp-json\/wp\/v2\/comments?post=123396"}],"version-history":[{"count":0,"href":"https:\/\/linitiative.ca\/International\/wp-json\/wp\/v2\/posts\/123396\/revisions"}],"wp:attachment":[{"href":"https:\/\/linitiative.ca\/International\/wp-json\/wp\/v2\/media?parent=123396"}],"wp:term":[{"taxonomy":"category","embeddable":true,"href":"https:\/\/linitiative.ca\/International\/wp-json\/wp\/v2\/categories?post=123396"},{"taxonomy":"post_tag","embeddable":true,"href":"https:\/\/linitiative.ca\/International\/wp-json\/wp\/v2\/tags?post=123396"}],"curies":[{"name":"wp","href":"https:\/\/api.w.org\/{rel}","templated":true}]}}