{"id":123403,"date":"2021-08-05T15:14:28","date_gmt":"2021-08-05T19:14:28","guid":{"rendered":"https:\/\/linitiative.ca\/International\/cameroun-crise-anglophone-larmee-rejette-les-nouvelles-accusations-dhuman-rights-watch\/"},"modified":"2021-08-05T15:14:28","modified_gmt":"2021-08-05T19:14:28","slug":"cameroun-crise-anglophone-larmee-rejette-les-nouvelles-accusations-dhuman-rights-watch","status":"publish","type":"post","link":"https:\/\/linitiative.ca\/International\/cameroun-crise-anglophone-larmee-rejette-les-nouvelles-accusations-dhuman-rights-watch\/","title":{"rendered":"Cameroun \u2013 crise anglophone : l\u2019arm\u00e9e rejette les nouvelles accusations d\u2019Human Rights Watch"},"content":{"rendered":"<div>\n<p><img loading=\"lazy\" decoding=\"async\" width=\"200\" height=\"200\" src=\"https:\/\/linitiative.ca\/International\/wp-content\/uploads\/sites\/23\/2021\/08\/de-FrC3A9gate-Cyrille-Serge-ATONFACK.jpg\" class=\"attachment-post-thumbnail size-post-thumbnail wp-post-image\" alt=\"\" srcset=\"https:\/\/linitiative.ca\/International\/wp-content\/uploads\/sites\/23\/2021\/08\/de-FrC3A9gate-Cyrille-Serge-ATONFACK.jpg 200w, https:\/\/www.journalducameroun.com\/wp-content\/uploads\/2019\/09\/de-Fr\u00e9gate-Cyrille-Serge-ATONFACK-150x150.jpg 150w, https:\/\/www.journalducameroun.com\/wp-content\/uploads\/2019\/09\/de-Fr\u00e9gate-Cyrille-Serge-ATONFACK-60x60.jpg 60w, https:\/\/www.journalducameroun.com\/wp-content\/uploads\/2019\/09\/de-Fr\u00e9gate-Cyrille-Serge-ATONFACK-100x100.jpg 100w\" sizes=\"auto, (max-width: 200px) 100vw, 200px\"><\/p>\n<h5>Le minist\u00e8re de la D\u00e9fense \u00e0 travers son charg\u00e9 de la communication qualifie de mensongers, les \u00e9l\u00e9ments du rapport du 02 ao\u00fat 2021, de l&rsquo;ONG Human Rights Watch (HRW). Ledit rapport fait \u00e9tat des destructions, viols, meutres et ex\u00e9cution de civils, pillages et violations des droits humains, \u00a0qu&rsquo;il impute aux Forces de Defense et de S\u00e9curit\u00e9 dans les r\u00e9gions du Nord-Ouest et du Sud-Ouest.<\/h5>\n<p style=\"text-align: center;\"><strong>Communiqu\u00e9 Radio &#8211; Presse<\/strong><\/p>\n<p>\u00ab <em>Le Minist\u00e8re de la D\u00e9fense communique: dans un nouveou rapport outrageusement provocoteur mis en ligne le lundi 02 ao\u00fat 2021, Human Rights Watch (HRW), relaie des all\u00e9gations pr\u00e9tendument document\u00e9es de\u00a0<\/em><em>destructions, viols, meutres et ex\u00e9cution de civils, pillages et violations des droits humains, et les impute aux Forces de Defense et de S\u00e9curit\u00e9 dans les r\u00e9gions du Nord-Ouest et du Sud-Ouest.<\/em><\/p>\n<p><em>Il importe de rappeler que cette organisotion non gouvernementoie connue pour son aversion contre les Forces de D\u00e9fense et de S\u00e9cunit\u00e9 camerounalses, poursuit ainsi sans pr\u00e9caution son soutien aux mouvements<\/em><br \/>\n<em>irr\u00e9dentistes op\u00e9rant sur certaines parties de notre territoire. Tout comme ses pr\u00e9c\u00e9dentes publications sur le Cameroun dont celle particuli\u00e8rement inique et agressive du 26 f\u00e9vrier 2021, le rapport du 02 ao\u00fbt<\/em><br \/>\n<em>2021 ne se r\u00e9sume ni plus ni moins qu&rsquo;\u00e0 un \u00e9ni\u00e8me fatras d&rsquo;affirmations sans fondement.<\/em><\/p>\n<p><em>Tout semble clairement indiquer que les multiples prises de position de HRW ne visent qu&rsquo;\u00e0 d\u00e9cr\u00e9dibiliser les Forces de D\u00e9fense et de S\u00e9curit\u00e9, engog\u00e9es qu&rsquo;elles le sont dans l&rsquo;accomplissement de leurs missions r\u00e9galiennes<\/em><\/p>\n<p><em>A l&rsquo;heure ou le Cameroun travaille r\u00e9solument \u00e0 l&rsquo;effectivit\u00e9 du processus de restauration de la paix dans les zones en crise, des ennemis tapis dans l&rsquo;ombre ne manquent pas d&rsquo;audace pour fustiger la strat\u00e9gie mise en \u0153uvre \u00a0par le Gouvernement, et jeter l&rsquo;anath\u00e8me sur les Forces de D\u00e9fense et de S\u00e9curite.<\/em><\/p>\n<p><em>Cette \u00e9ni\u00e8me fac\u00e9tie de Human Rights Watch ne fragilise aucunement le moral des Forces de D\u00e9fense et de S\u00e9curit\u00e9, Quimpe poursuivent leurs op\u00e9rations aux\u00a0quatre coins du pays dans le strict respect des Droits de l&rsquo;Homme et des Droits Humains, tout en veillant \u00e0 ce que tout \u00e9cart \u00e9tabli et v\u00e9rifi\u00e9 soit sanctionn\u00e9 conform\u00e9ment aux lois et r\u00e8glements du pays.\u00bb<\/em><\/p>\n<p>\u00a0<\/p>\n<p>Le Capitaine de vaisseau <strong>Cyrille Atonfack Guemo,\u00a0<\/strong>Chef de la division communication<\/p>\n<p>\u00a0<\/p>\n<p>Cet article <a rel=\"nofollow\" href=\"https:\/\/www.journalducameroun.com\/cameroun-crise-anglophone-larmee-rejette-les-nouvelles-accusations-dhuman-rights-watch\/\">Cameroun \u2013 crise anglophone : l\u2019arm\u00e9e rejette les nouvelles accusations d\u2019Human Rights Watch<\/a> est apparu en premier sur <a rel=\"nofollow\" href=\"https:\/\/www.journalducameroun.com\/\">Journal du Cameroun<\/a>.<\/p>\n<\/div>\n<p>Auteur: Christian DJIMADEU<br \/>\n<a href=\"https:\/\/www.journalducameroun.com\/cameroun-crise-anglophone-larmee-rejette-les-nouvelles-accusations-dhuman-rights-watch\/\">Cliquez ici pour lire l&rsquo;article depuis sa source.<\/a><\/p>\n","protected":false},"excerpt":{"rendered":"<p>Le minist\u00e8re de la D\u00e9fense \u00e0 travers son charg\u00e9 de la communication qualifie de mensongers, les \u00e9l\u00e9ments du rapport du 02 ao\u00fat 2021, de l&rsquo;ONG Human Rights Watch (HRW). Ledit rapport fait \u00e9tat des destructions, viols, meutres et ex\u00e9cution de civils, pillages et violations des droits humains, \u00a0qu&rsquo;il impute aux Forces de Defense et de [&hellip;]<\/p>\n","protected":false},"author":1965,"featured_media":0,"comment_status":"closed","ping_status":"closed","sticky":false,"template":"","format":"standard","meta":{"fifu_image_url":"https:\/\/www.journalducameroun.com\/wp-content\/uploads\/2019\/09\/de-Fr\u00e9gate-Cyrille-Serge-ATONFACK.jpg","fifu_image_alt":"Cameroun \u2013 crise anglophone : l\u2019arm\u00e9e rejette les nouvelles accusations d\u2019Human Rights Watch","footnotes":""},"categories":[73,82],"tags":[],"class_list":["post-123403","post","type-post","status-publish","format-standard","hentry","category-actualite","category-cameroun"],"_links":{"self":[{"href":"https:\/\/linitiative.ca\/International\/wp-json\/wp\/v2\/posts\/123403","targetHints":{"allow":["GET"]}}],"collection":[{"href":"https:\/\/linitiative.ca\/International\/wp-json\/wp\/v2\/posts"}],"about":[{"href":"https:\/\/linitiative.ca\/International\/wp-json\/wp\/v2\/types\/post"}],"author":[{"embeddable":true,"href":"https:\/\/linitiative.ca\/International\/wp-json\/wp\/v2\/users\/1965"}],"replies":[{"embeddable":true,"href":"https:\/\/linitiative.ca\/International\/wp-json\/wp\/v2\/comments?post=123403"}],"version-history":[{"count":0,"href":"https:\/\/linitiative.ca\/International\/wp-json\/wp\/v2\/posts\/123403\/revisions"}],"wp:attachment":[{"href":"https:\/\/linitiative.ca\/International\/wp-json\/wp\/v2\/media?parent=123403"}],"wp:term":[{"taxonomy":"category","embeddable":true,"href":"https:\/\/linitiative.ca\/International\/wp-json\/wp\/v2\/categories?post=123403"},{"taxonomy":"post_tag","embeddable":true,"href":"https:\/\/linitiative.ca\/International\/wp-json\/wp\/v2\/tags?post=123403"}],"curies":[{"name":"wp","href":"https:\/\/api.w.org\/{rel}","templated":true}]}}