{"id":123405,"date":"2021-08-05T16:18:01","date_gmt":"2021-08-05T20:18:01","guid":{"rendered":"https:\/\/linitiative.ca\/International\/burkina-30-morts-dans-une-attaque-pres-du-niger\/"},"modified":"2021-08-05T16:18:01","modified_gmt":"2021-08-05T20:18:01","slug":"burkina-30-morts-dans-une-attaque-pres-du-niger","status":"publish","type":"post","link":"https:\/\/linitiative.ca\/International\/burkina-30-morts-dans-une-attaque-pres-du-niger\/","title":{"rendered":"Burkina : 30 morts dans une attaque pr\u00e8s du Niger"},"content":{"rendered":"<div>\n<p><img loading=\"lazy\" decoding=\"async\" width=\"650\" height=\"433\" src=\"https:\/\/linitiative.ca\/International\/wp-content\/uploads\/sites\/23\/2021\/08\/16281946823195.jpg\" class=\"attachment-post-thumbnail size-post-thumbnail wp-post-image\" alt=\"\" srcset=\"https:\/\/linitiative.ca\/International\/wp-content\/uploads\/sites\/23\/2021\/08\/16281946823195.jpg 650w, https:\/\/www.journalducameroun.com\/wp-content\/uploads\/2021\/08\/16281946823195-300x200.jpg 300w, https:\/\/www.journalducameroun.com\/wp-content\/uploads\/2021\/08\/16281946823195-600x400.jpg 600w\" sizes=\"auto, (max-width: 650px) 100vw, 650px\"><\/p>\n<p>Dambam, Gudba et Tokabangou, trois villages situ\u00e9s au Nord du pays, ont \u00e9t\u00e9 attaqu\u00e9s le mercredi 4 ao\u00fbt par des groupes arm\u00e9s terroristes.Une s\u00e9rie infernale ! 30 d\u00e9c\u00e8s, c&rsquo;est le bilan officiel d&rsquo;un nouvel assaut au Burkina Faso. Dans un communiqu\u00e9 dat\u00e9 du 5 ao\u00fbt, Aim\u00e9 Barth\u00e9l\u00e9my Simpor\u00e9, le ministre de la D\u00e9fense nationale et des Anciens combattants, renseigne que les assaillants ont tu\u00e9 \u00ab onze civils \u00bb, emport\u00e9 \u00ab du b\u00e9tail \u00bb et incendi\u00e9 \u00ab des concessions\u00a0\u00bb.<\/p>\n<p>Pour voler au secours des populations en d\u00e9tresse, \u00ab une unit\u00e9 du d\u00e9tachement militaire de Markoye (Nord), avec des Volontaires pour la D\u00e9fense de la Patrie (VDP), a \u00e9t\u00e9 imm\u00e9diatement d\u00e9ploy\u00e9e \u00bb, indique le document.<\/p>\n<p>Leur face-\u00e0-face avec les jihadistes, dans les environs de Tokabangou, a \u00e9t\u00e9 sanglant : \u00ab 15 militaires et 4 VDP d\u00e9c\u00e9d\u00e9s et plus d&rsquo;une dizaine de terroristes neutralis\u00e9s\u00a0\u00bb selon le Colonel-major Simpor\u00e9.<\/p>\n<p>Actuellement, \u00ab la zone est sous contr\u00f4le des unit\u00e9s militaires et la contre-offensive pour retrouver les assaillants se poursuit avec des moyens a\u00e9riens et terrestres \u00bb, annonce le ministre burkinab\u00e8 de la D\u00e9fense nationale et des Anciens combattants.<\/p>\n<p>Cet article <a rel=\"nofollow\" href=\"https:\/\/www.journalducameroun.com\/burkina-30-morts-dans-une-attaque-pres-du-niger\/\">Burkina : 30 morts dans une attaque pr\u00e8s du Niger<\/a> est apparu en premier sur <a rel=\"nofollow\" href=\"https:\/\/www.journalducameroun.com\/\">Journal du Cameroun<\/a>.<\/p>\n<\/div>\n<p>Auteur: APA News<br \/>\n<a href=\"https:\/\/www.journalducameroun.com\/burkina-30-morts-dans-une-attaque-pres-du-niger\/\">Cliquez ici pour lire l&rsquo;article depuis sa source.<\/a><\/p>\n","protected":false},"excerpt":{"rendered":"<p>Dambam, Gudba et Tokabangou, trois villages situ\u00e9s au Nord du pays, ont \u00e9t\u00e9 attaqu\u00e9s le mercredi 4 ao\u00fbt par des groupes arm\u00e9s terroristes.Une s\u00e9rie infernale ! 30 d\u00e9c\u00e8s, c&rsquo;est le bilan officiel d&rsquo;un nouvel assaut au Burkina Faso. Dans un communiqu\u00e9 dat\u00e9 du 5 ao\u00fbt, Aim\u00e9 Barth\u00e9l\u00e9my Simpor\u00e9, le ministre de la D\u00e9fense nationale et [&hellip;]<\/p>\n","protected":false},"author":1965,"featured_media":0,"comment_status":"closed","ping_status":"closed","sticky":false,"template":"","format":"standard","meta":{"fifu_image_url":"https:\/\/www.journalducameroun.com\/wp-content\/uploads\/2021\/08\/16281946823195.jpg","fifu_image_alt":"Burkina : 30 morts dans une attaque pr\u00e8s du Niger","footnotes":""},"categories":[73,82],"tags":[],"class_list":["post-123405","post","type-post","status-publish","format-standard","hentry","category-actualite","category-cameroun"],"_links":{"self":[{"href":"https:\/\/linitiative.ca\/International\/wp-json\/wp\/v2\/posts\/123405","targetHints":{"allow":["GET"]}}],"collection":[{"href":"https:\/\/linitiative.ca\/International\/wp-json\/wp\/v2\/posts"}],"about":[{"href":"https:\/\/linitiative.ca\/International\/wp-json\/wp\/v2\/types\/post"}],"author":[{"embeddable":true,"href":"https:\/\/linitiative.ca\/International\/wp-json\/wp\/v2\/users\/1965"}],"replies":[{"embeddable":true,"href":"https:\/\/linitiative.ca\/International\/wp-json\/wp\/v2\/comments?post=123405"}],"version-history":[{"count":0,"href":"https:\/\/linitiative.ca\/International\/wp-json\/wp\/v2\/posts\/123405\/revisions"}],"wp:attachment":[{"href":"https:\/\/linitiative.ca\/International\/wp-json\/wp\/v2\/media?parent=123405"}],"wp:term":[{"taxonomy":"category","embeddable":true,"href":"https:\/\/linitiative.ca\/International\/wp-json\/wp\/v2\/categories?post=123405"},{"taxonomy":"post_tag","embeddable":true,"href":"https:\/\/linitiative.ca\/International\/wp-json\/wp\/v2\/tags?post=123405"}],"curies":[{"name":"wp","href":"https:\/\/api.w.org\/{rel}","templated":true}]}}