{"id":12341,"date":"2019-02-08T15:14:02","date_gmt":"2019-02-08T20:14:02","guid":{"rendered":"https:\/\/linitiative.ca\/International\/international-bennacer-la-grosse-satisfaction-dempoli-contre-la-lazio\/"},"modified":"2019-02-08T15:14:02","modified_gmt":"2019-02-08T20:14:02","slug":"international-bennacer-la-grosse-satisfaction-dempoli-contre-la-lazio","status":"publish","type":"post","link":"https:\/\/linitiative.ca\/International\/international-bennacer-la-grosse-satisfaction-dempoli-contre-la-lazio\/","title":{"rendered":"International : Bennacer la grosse satisfaction d&rsquo;Empoli contre la Lazio"},"content":{"rendered":"<div readability=\"32\">\n<p>Auteur : <span>Moumen A.<\/span> <span class=\"time\">vendredi 08 f\u00e9vrier 2019 14:45<\/span><\/p>\n<\/div>\n<div id=\"post_core\" readability=\"44\">\n<p>\u00a0La meilleure r\u00e9v\u00e9lation de l\u2019ann\u00e9e en Italie, Isma\u00ebl Bennacer continue de faire parler de lui. En effet, \u00a0l\u2019Alg\u00e9rien\u00a0 n\u2019a encore pas d\u00e9\u00e7u hier soir en championnat contre la Lazio de Rome. Tr\u00e8s pr\u00e9sent, le milieu de terrain polyvalent de l\u2019Equipe nationale a montr\u00e9 une grande personnalit\u00e9 dans le jeu malgr\u00e9 son jeune \u00e2ge. Tr\u00e8s serein, techniquement au dessus, \u00a0Bennacer a aussi \u00e9bloui les pr\u00e9sents au Stadio Olympico par sa clairvoyance. \u00a0Certains sites de la presse italienne de ce vendredi, n\u2019h\u00e9sitent pas \u00e0 \u00a0qualifier le joueur d\u2019Empoli \u00a0de l\u2019unique lumi\u00e8re dans ce match sombre, report\u00e9 un but \u00e0 z\u00e9ro par les Romains. \u00a0<\/p>\n<p><strong>Publi\u00e9 dans :<\/strong> <span>Belmadi<\/span> <span>Ismael Bennacer<\/span><\/p>\n<\/div>\n","protected":false},"excerpt":{"rendered":"<p>Auteur : Moumen A. vendredi 08 f\u00e9vrier 2019 14:45 \u00a0La meilleure r\u00e9v\u00e9lation de l\u2019ann\u00e9e en Italie, Isma\u00ebl Bennacer continue de faire parler de lui. En effet, \u00a0l\u2019Alg\u00e9rien\u00a0 n\u2019a encore pas d\u00e9\u00e7u hier soir en championnat contre la Lazio de Rome. Tr\u00e8s pr\u00e9sent, le milieu de terrain polyvalent de l\u2019Equipe nationale a montr\u00e9 une grande personnalit\u00e9 [&hellip;]<\/p>\n","protected":false},"author":1738,"featured_media":12342,"comment_status":"closed","ping_status":"closed","sticky":false,"template":"","format":"standard","meta":{"fifu_image_url":"","fifu_image_alt":"","footnotes":""},"categories":[53,75],"tags":[],"class_list":["post-12341","post","type-post","status-publish","format-standard","has-post-thumbnail","hentry","category-algerie","category-sport"],"_links":{"self":[{"href":"https:\/\/linitiative.ca\/International\/wp-json\/wp\/v2\/posts\/12341","targetHints":{"allow":["GET"]}}],"collection":[{"href":"https:\/\/linitiative.ca\/International\/wp-json\/wp\/v2\/posts"}],"about":[{"href":"https:\/\/linitiative.ca\/International\/wp-json\/wp\/v2\/types\/post"}],"author":[{"embeddable":true,"href":"https:\/\/linitiative.ca\/International\/wp-json\/wp\/v2\/users\/1738"}],"replies":[{"embeddable":true,"href":"https:\/\/linitiative.ca\/International\/wp-json\/wp\/v2\/comments?post=12341"}],"version-history":[{"count":0,"href":"https:\/\/linitiative.ca\/International\/wp-json\/wp\/v2\/posts\/12341\/revisions"}],"wp:featuredmedia":[{"embeddable":true,"href":"https:\/\/linitiative.ca\/International\/wp-json\/"}],"wp:attachment":[{"href":"https:\/\/linitiative.ca\/International\/wp-json\/wp\/v2\/media?parent=12341"}],"wp:term":[{"taxonomy":"category","embeddable":true,"href":"https:\/\/linitiative.ca\/International\/wp-json\/wp\/v2\/categories?post=12341"},{"taxonomy":"post_tag","embeddable":true,"href":"https:\/\/linitiative.ca\/International\/wp-json\/wp\/v2\/tags?post=12341"}],"curies":[{"name":"wp","href":"https:\/\/api.w.org\/{rel}","templated":true}]}}