{"id":123415,"date":"2021-08-06T11:04:40","date_gmt":"2021-08-06T15:04:40","guid":{"rendered":"https:\/\/linitiative.ca\/International\/plages-propres-2021-un-15eme-pavillon-bleu-daffilee-pour-la-plage-de-bouznika\/"},"modified":"2021-08-06T11:04:40","modified_gmt":"2021-08-06T15:04:40","slug":"plages-propres-2021-un-15eme-pavillon-bleu-daffilee-pour-la-plage-de-bouznika","status":"publish","type":"post","link":"https:\/\/linitiative.ca\/International\/plages-propres-2021-un-15eme-pavillon-bleu-daffilee-pour-la-plage-de-bouznika\/","title":{"rendered":"\u00ab\u00a0Plages propres 2021\u00a0\u00bb: Un 15\u00e8me \u00ab\u00a0Pavillon Bleu\u00a0\u00bb d\u2019affil\u00e9e pour la plage de Bouznika"},"content":{"rendered":"<div>\n<p><img decoding=\"async\" width=\"300\" height=\"153\" src=\"https:\/\/linitiative.ca\/International\/wp-content\/uploads\/sites\/23\/2021\/08\/plage-de-Bouznika-300x153-1.jpg\" class=\"attachment-medium size-medium wp-post-image\" alt=\"\" loading=\"lazy\" srcset=\"\/\/aujourdhui.ma\/wp-content\/uploads\/2018\/07\/plage-de-Bouznika-300x153.jpg 300w, \/\/aujourdhui.ma\/wp-content\/uploads\/2018\/07\/plage-de-Bouznika.jpg 746w\" sizes=\"auto, (max-width: 300px) 100vw, 300px\"><\/p>\n<p><span style=\"font-size: 20px; color: #800000;\"><strong>Encore une cons\u00e9cration pour la plage de Bouznika. Elle vient de recevoir \u00e0 nouveau le label \u00ab\u00a0Pavillon Bleu\u00a0\u00bb d\u00e9cern\u00e9 par la Fondation Mohammed VI pour la protection de l\u2019environnement et la Fondation internationale pour l\u2019\u00e9ducation \u00e0 l\u2019environnement (FEE).<\/strong><\/span><span id=\"more-383504\"><\/span><\/p>\n<p>A cet effet, une c\u00e9r\u00e9monie officielle de hissage du Pavillon bleu a \u00e9t\u00e9 organis\u00e9e, jeudi, \u00e0 la plage de Bouznika en pr\u00e9sence du gouverneur de la province de Benslimane, des repr\u00e9sentants de la municipalit\u00e9 de Bouznika, de la Fondation Mohammed VI pour la Protection de l\u2019Environnement et de la soci\u00e9t\u00e9 civile ainsi que des responsables de l\u2019Office National de l\u2019Electricit\u00e9 et de l\u2019Eau potable (ONEE).<\/p>\n<p>Selon l\u2019Office National de l\u2019Electricit\u00e9 et de l\u2019Eau potable, \u00abla plage de Bouznika a obtenu cet Eco-label pour la 15\u00e8me ann\u00e9e cons\u00e9cutive depuis 2007 gr\u00e2ce \u00e0 l\u2019implication citoyenne de l\u2019ONEE dans le programme \u00ab\u00a0Plages Propres\u00a0\u00bb pilot\u00e9 par la Fondation Mohammed VI pour l\u2019Environnement dont la th\u00e9matique de l\u2019\u00e9dition 2021 est ax\u00e9e sur la lutte contre les d\u00e9chets plastiques dans les mers et oc\u00e9ans\u00bb.<\/p>\n<p>Comme le rappelle l\u2019Office, le label \u00ab\u00a0Pavillon bleu\u00a0\u00bb est une r\u00e9f\u00e9rence internationale dans le domaine de la qualit\u00e9 des sites baln\u00e9aires, d\u00e9livr\u00e9 par la Fondation Europ\u00e9enne pour l\u2019Education \u00e0 l\u2019Environnement (FEE) pour distinguer les sites baln\u00e9aires qui r\u00e9pondent aux crit\u00e8res de qualit\u00e9 et de s\u00e9curit\u00e9.<\/p>\n<p>Son obtention n\u00e9cessite, selon la m\u00eame source, une mise \u00e0 niveau du site candidat en remplissant un certain nombre de crit\u00e8res notamment dans les domaines de l\u2019hygi\u00e8ne, la propret\u00e9 et la s\u00e9curit\u00e9 ainsi que la sensibilisation au d\u00e9veloppement durable et l\u2019animation sportive, culturelle et artistique.<\/p>\n<p>Et de relever que sa reconduction est tributaire du maintien et de l\u2019am\u00e9lioration continue des acquis sur la base d\u2019une r\u00e9\u00e9valuation annuelle par la FEE de l\u2019\u00e9tat des plages b\u00e9n\u00e9ficiaires, notant que pour garantir les crit\u00e8res d\u2019attribution du label \u00ab\u00a0Pavillon Bleu\u00a0\u00bb et contribuer au bien-\u00eatre des estivants durant la p\u00e9riode d\u2019estivage, l\u2019ONEE a r\u00e9alis\u00e9 un important programme au niveau de la plage de Bouznika.<\/p>\n<p>Sur le plan de l\u2019am\u00e9nagement et de l\u2019entretien des installations, l\u2019Office a mis en place au niveau de la plage un espace pour les personnes \u00e0 besoins sp\u00e9cifiques (Pagode, tables, parasols\u2026etc), des blocs sanitaires, des locaux d\u2019animation, des centres de premiers soins, des douches \u00e0 ciel-ouverts et des bornes fontaines.<\/p>\n<p>Et de poursuivre que l\u2019ONEE assure \u00e9galement le nettoyage quotidien de la plage et de son environnement, le criblage du sable, la fourniture des poubelles et des sacs en mat\u00e9riaux recycl\u00e9s plac\u00e9s tout le long de la plage ainsi que le curage de l\u2019Oued SaikouK dans le cadre de la protection de l\u2019environnement.<\/p>\n<p>Dans le domaine de la sensibilisation et l\u2019\u00e9ducation au d\u00e9veloppement durable, l\u2019Office a \u00e9labor\u00e9 un programme de sensibilisation notamment pour la lutte contre la pollution plastique du littorale au niveau des deux centres de l\u2019\u00e9ducation au d\u00e9veloppement durable mis en place au niveau de la plage de Bouznika.<\/p>\n<p>Ce programme comprend l\u2019organisation d\u2019ateliers sur le recyclage des plastiques et le tri s\u00e9lectif, des visites \u00e9ducatives et des tables rondes scientifiques.<\/p>\n<p>En parall\u00e8le, un programme de divertissement est assur\u00e9 quotidiennement comportant des jeux collectifs, des ateliers de peinture et de sculpture sur sable, des comp\u00e9titions sportives (sports nautiques et sports sur sable) et des pi\u00e8ces th\u00e9\u00e2trales sur les th\u00e8mes de l\u2019environnement.<\/p>\n<p>En ce qui concerne la signal\u00e9tique, il a \u00e9t\u00e9 proc\u00e9d\u00e9 \u00e0 l\u2019installation au niveau de la plage de Bouznika des panneaux de sensibilisation et des plaques signal\u00e9tiques d\u2019orientation notamment pour les personnes \u00e0 besoins sp\u00e9cifiques, ainsi qu\u2019un \u00e9cran g\u00e9ant et une borne interactive afin de mettre \u00e0 la disposition des estivants des outils digitaux de sensibilisation et un affichage dynamique.<\/p>\n<p>Compte tenu de la situation sanitaire li\u00e9e \u00e0 la propagation de la pand\u00e9mie de la Covid-19, il a \u00e9t\u00e9 proc\u00e9d\u00e9 \u00e0 la r\u00e9alisation de visuels de sensibilisation aux mesures pr\u00e9ventives et aux gestes barri\u00e8res au niveau de la plage conform\u00e9ment aux recommandations de la Fondation Mohammed VI pour la Protection de l\u2019Environnement relatives \u00e0 la gestion des risques sanitaires.<\/p>\n<p>D\u2019autres actions sont r\u00e9alis\u00e9es dans le domaine du contr\u00f4le de la qualit\u00e9 des eaux de baignade en proc\u00e9dant au renforcement de la surveillance de la qualit\u00e9 des eaux de baignade de la plage de Bouznika pendant toute la p\u00e9riode estivale.<\/p>\n<p>L\u2019engagement de l\u2019ONEE dans la campagne nationale \u00ab\u00a0Plages Propres\u00a0\u00bb s\u2019inscrit dans le cadre de la strat\u00e9gie de l\u2019Office visant la pr\u00e9servation de l\u2019environnement et la contribution au d\u00e9veloppement durable de notre pays. Cet engagement a \u00e9t\u00e9 couronn\u00e9 par l\u2019attribution \u00e0 l\u2019Office de plusieurs Troph\u00e9es pour la plage de Bouznika : \u00ab\u00a0Troph\u00e9e de l\u2019Innovation en 2003 et 2008\u00a0\u00bb, \u00ab\u00a0Troph\u00e9e de l\u2019initiative en 2007, 2009 et 2011\u00a0\u00bb, et \u00ab\u00a0Troph\u00e9e Lalla Hasna Littoral Durable en 2016 et 2018\u00a0\u00bb. Un beau palmar\u00e8s.<\/p>\n<\/div>\n<p>Auteur: ALM<br \/>\n<a href=\"https:\/\/aujourdhui.ma\/societe\/plages-propres-2021-un-15eme-pavillon-bleu-daffilee-pour-la-plage-de-bouznika\">Cliquez ici pour lire l&rsquo;article depuis sa source.<\/a><\/p>\n","protected":false},"excerpt":{"rendered":"<p>Encore une cons\u00e9cration pour la plage de Bouznika. Elle vient de recevoir \u00e0 nouveau le label \u00ab\u00a0Pavillon Bleu\u00a0\u00bb d\u00e9cern\u00e9 par la Fondation Mohammed VI pour la protection de l\u2019environnement et la Fondation internationale pour l\u2019\u00e9ducation \u00e0 l\u2019environnement (FEE). A cet effet, une c\u00e9r\u00e9monie officielle de hissage du Pavillon bleu a \u00e9t\u00e9 organis\u00e9e, jeudi, \u00e0 la [&hellip;]<\/p>\n","protected":false},"author":1759,"featured_media":0,"comment_status":"closed","ping_status":"closed","sticky":false,"template":"","format":"standard","meta":{"fifu_image_url":"https:\/\/aujourdhui.ma\/wp-content\/uploads\/2018\/07\/plage-de-Bouznika-300x153.jpg","fifu_image_alt":"\u00ab\u00a0Plages propres 2021\u00a0\u00bb: Un 15\u00e8me \u00ab\u00a0Pavillon Bleu\u00a0\u00bb d\u2019affil\u00e9e pour la plage de Bouznika","footnotes":""},"categories":[73,54],"tags":[],"class_list":["post-123415","post","type-post","status-publish","format-standard","hentry","category-actualite","category-maroc"],"_links":{"self":[{"href":"https:\/\/linitiative.ca\/International\/wp-json\/wp\/v2\/posts\/123415","targetHints":{"allow":["GET"]}}],"collection":[{"href":"https:\/\/linitiative.ca\/International\/wp-json\/wp\/v2\/posts"}],"about":[{"href":"https:\/\/linitiative.ca\/International\/wp-json\/wp\/v2\/types\/post"}],"author":[{"embeddable":true,"href":"https:\/\/linitiative.ca\/International\/wp-json\/wp\/v2\/users\/1759"}],"replies":[{"embeddable":true,"href":"https:\/\/linitiative.ca\/International\/wp-json\/wp\/v2\/comments?post=123415"}],"version-history":[{"count":0,"href":"https:\/\/linitiative.ca\/International\/wp-json\/wp\/v2\/posts\/123415\/revisions"}],"wp:attachment":[{"href":"https:\/\/linitiative.ca\/International\/wp-json\/wp\/v2\/media?parent=123415"}],"wp:term":[{"taxonomy":"category","embeddable":true,"href":"https:\/\/linitiative.ca\/International\/wp-json\/wp\/v2\/categories?post=123415"},{"taxonomy":"post_tag","embeddable":true,"href":"https:\/\/linitiative.ca\/International\/wp-json\/wp\/v2\/tags?post=123415"}],"curies":[{"name":"wp","href":"https:\/\/api.w.org\/{rel}","templated":true}]}}