{"id":123426,"date":"2021-08-05T14:00:00","date_gmt":"2021-08-05T18:00:00","guid":{"rendered":"https:\/\/linitiative.ca\/International\/le-maroc-depasse-le-cap-des-10000-morts-et-10-574-472-vaccines\/"},"modified":"2021-08-05T14:00:00","modified_gmt":"2021-08-05T18:00:00","slug":"le-maroc-depasse-le-cap-des-10000-morts-et-10-574-472-vaccines","status":"publish","type":"post","link":"https:\/\/linitiative.ca\/International\/le-maroc-depasse-le-cap-des-10000-morts-et-10-574-472-vaccines\/","title":{"rendered":"Le Maroc d\u00e9passe le cap des 10000 morts et 10.574.472 vaccin\u00e9s"},"content":{"rendered":"<div>\n<p class=\"has-text-align-center has-vivid-red-color has-text-color\"><strong>Hausse des contaminations dans le monde <\/strong><strong><\/strong><\/p>\n<p class=\"has-black-color has-text-color\"><strong>Un total de 10.603 nouveaux cas d\u2019infection au coronavirus (Covid-19) et de 7.774 gu\u00e9risons a \u00e9t\u00e9 enregistr\u00e9 au Maroc au cours des derni\u00e8res 24 heures, a indiqu\u00e9 mercredi le minist\u00e8re de la Sant\u00e9.<\/strong><\/p>\n<p><strong>Le nombre de primo-vaccin\u00e9s est de 14.581.754, alors que celui des personnes compl\u00e8tement vaccin\u00e9es (1\u00e8re et 2\u00e8me doses) s\u2019\u00e9l\u00e8ve \u00e0 10.574.472, a pr\u00e9cis\u00e9 le minist\u00e8re dans son bulletin quotidien sur la situation de Covid-19.<\/strong><\/p>\n<p class=\"has-black-color has-text-color\">Le nouveau bilan porte \u00e0 653.286 le nombre total des contaminations depuis le premier cas signal\u00e9 au Maroc en mars 2020. Le nombre des personnes r\u00e9tablies est pass\u00e9 \u00e0 582.692, soit un taux de gu\u00e9rison de 89,2%.<\/p>\n<p class=\"has-black-color has-text-color\">Quant aux d\u00e9c\u00e8s, leur nombre total est pass\u00e9 \u00e0 10.015 (l\u00e9talit\u00e9 1,5%), avec 66 nouveaux cas enregistr\u00e9s dans les r\u00e9gions de Casablanca-Settat (17), Marrakech-Safi (10), Rabat-Sal\u00e9-Kenitra (10), Souss-Massa (11), Tanger-T\u00e9touan-Al Hoceima (3), l\u2019Oriental (2), Beni Mellal-Kh\u00e9nifra (6), Dr\u00e2a-Tafilalet (2), Guelmim-Oued Noun (1) et F\u00e8s-Mekn\u00e8s (4).<br \/>Les nouvelles contaminations ont \u00e9t\u00e9 recens\u00e9es dans les r\u00e9gions de Casablanca-Settat (3.523), Marrakech-Safi (1.480), Rabat-Sal\u00e9-Kenitra (1.318), Souss-Massa (1.153), Tanger-T\u00e9touan-Al Hoceima (865), l\u2019Oriental (542), Beni Mellal-Kh\u00e9nifra (485), Dr\u00e2a-Tafilalet (378), Guelmim-Oued Noun (344), F\u00e8s-Mekn\u00e8s (249), La\u00e2youne-Sakia El Hamra (170) et Dakhla-Oued Eddahab (96).<\/p>\n<p class=\"has-black-color has-text-color\">Les cas actifs sont au nombre de 60.579, tandis que les cas s\u00e9v\u00e8res ou critiques ont atteint 1.304, dont 47 plac\u00e9s sous intubation.<\/p>\n<p class=\"has-black-color has-text-color\"><strong>OMS\u00a0: 4 millions de cas signal\u00e9s dans le monde en une semaine<\/strong><\/p>\n<p class=\"has-black-color has-text-color\">Les infections au Covid-19 continuent d\u2019augmenter dans le monde depuis quatre semaines, avec plus de quatre millions de cas signal\u00e9s au cours de la seule semaine derni\u00e8re, selon l\u2019Organisation mondiale de la sant\u00e9 (OMS).<br \/>Dans sa derni\u00e8re mise \u00e0 jour, l\u2019Organisation mondiale de la sant\u00e9 a attribu\u00e9 cette hausse \u00e0 une augmentation \u00ab substantielle \u00bb du nombre de cas, de 33 % dans le Pacifique occidental et de 37 % en M\u00e9diterran\u00e9e orientale, o\u00f9 le nombre de d\u00e9c\u00e8s dus au coronavirus a \u00e9galement augment\u00e9 de 48 % et 31 %, respectivement.<\/p>\n<p class=\"has-black-color has-text-color\">Le nombre de d\u00e9c\u00e8s dans les quatre autres r\u00e9gions de l\u2019OMS, \u00e0 savoir l\u2019Afrique, les Am\u00e9riques, l\u2019Europe et l\u2019Asie du Sud-Est, est rest\u00e9 stable par rapport aux semaines pr\u00e9c\u00e9dentes, \u00e0 l\u2019exception des Am\u00e9riques, o\u00f9 le nombre de d\u00e9c\u00e8s a diminu\u00e9 de 29 %.<\/p>\n<p class=\"has-black-color has-text-color\">L\u2019Afrique et l\u2019Europe ont connu une diminution de deux pour cent des d\u00e9c\u00e8s dus \u00e0 au Covid-19, tandis que l\u2019Asie du Sud-Est a enregistr\u00e9 une augmentation de trois pour cent, selon le bulletin \u00e9pid\u00e9miologique hebdomadaire de l\u2019OMS sur le Covid-19.<\/p>\n<p class=\"has-black-color has-text-color\">Globalement, le nombre total de cas d\u00e9clar\u00e9s est d\u2019environ 197 millions, avec 4,2 millions de d\u00e9c\u00e8s dans le monde.<br \/>Class\u00e9s par pays, les \u00c9tats-Unis sont arriv\u00e9s en t\u00eate du nombre de nouvelles infections au cours de la semaine \u00e9coul\u00e9e, avec 543 420 nouveaux cas, soit un bond de 9 %, suivis par l\u2019Inde, qui a enregistr\u00e9 283 923 nouveaux cas, soit une augmentation de 7 %.<\/p>\n<p class=\"has-black-color has-text-color\">L\u2019Indon\u00e9sie a enregistr\u00e9 273 891 nouveaux cas, suivie par le Br\u00e9sil (247 830) et l\u2019Iran (206 722).<br \/>Alors que des infections de la variante Alpha ont \u00e9t\u00e9 signal\u00e9es dans 182 pays, la variante Delta a \u00e9t\u00e9 confirm\u00e9e dans trois nouveaux pays, infectant ainsi un total de 135 nations.<\/p>\n<p class=\"has-black-color has-text-color\">Par r\u00e9gion, l\u2019OMS a indiqu\u00e9 que l\u2019Afrique \u2013 qui est actuellement en proie \u00e0 sa troisi\u00e8me vague de coronavirus \u2013 avait signal\u00e9 un nombre de cas et de d\u00e9c\u00e8s hebdomadaires similaire \u00e0 celui de la p\u00e9riode de sept jours pr\u00e9c\u00e9dente, avec un peu plus de 182 000 nouveaux cas et plus de 4 800 nouveaux d\u00e9c\u00e8s.<\/p>\n<p class=\"has-black-color has-text-color\">N\u00e9anmoins, l\u2019agence des Nations Unies a expliqu\u00e9 que la diminution r\u00e9gionale globale des infections hebdomadaires confirm\u00e9es et des d\u00e9c\u00e8s sur le continent depuis la mi-juillet est toujours due \u00e0 la chute des chiffres en Afrique du Sud, qui a \u00e9clips\u00e9 les 13 268 nouveaux cas au Mozambique au cours de la derni\u00e8re p\u00e9riode de sept jours.<\/p>\n<p>L\u2019article <a rel=\"nofollow\" href=\"http:\/\/albayane.press.ma\/le-maroc-depasse-le-cap-des-10000-morts-et-10-574-472-vaccines.html\">Le Maroc d\u00e9passe le cap des 10000 morts et 10.574.472 vaccin\u00e9s<\/a> est apparu en premier sur <a rel=\"nofollow\" href=\"http:\/\/albayane.press.ma\/\">ALBAYANE<\/a>.<\/p>\n<\/div>\n<p>Auteur: M&rsquo;hammed rahal<br \/>\n<a href=\"http:\/\/albayane.press.ma\/le-maroc-depasse-le-cap-des-10000-morts-et-10-574-472-vaccines.html\">Cliquez ici pour lire l&rsquo;article depuis sa source.<\/a><\/p>\n","protected":false},"excerpt":{"rendered":"<p>Hausse des contaminations dans le monde Un total de 10.603 nouveaux cas d\u2019infection au coronavirus (Covid-19) et de 7.774 gu\u00e9risons a \u00e9t\u00e9 enregistr\u00e9 au Maroc au cours des derni\u00e8res 24 heures, a indiqu\u00e9 mercredi le minist\u00e8re de la Sant\u00e9. Le nombre de primo-vaccin\u00e9s est de 14.581.754, alors que celui des personnes compl\u00e8tement vaccin\u00e9es (1\u00e8re et [&hellip;]<\/p>\n","protected":false},"author":1760,"featured_media":0,"comment_status":"closed","ping_status":"closed","sticky":false,"template":"","format":"standard","meta":{"fifu_image_url":"","fifu_image_alt":"","footnotes":""},"categories":[73,54],"tags":[],"class_list":["post-123426","post","type-post","status-publish","format-standard","hentry","category-actualite","category-maroc"],"_links":{"self":[{"href":"https:\/\/linitiative.ca\/International\/wp-json\/wp\/v2\/posts\/123426","targetHints":{"allow":["GET"]}}],"collection":[{"href":"https:\/\/linitiative.ca\/International\/wp-json\/wp\/v2\/posts"}],"about":[{"href":"https:\/\/linitiative.ca\/International\/wp-json\/wp\/v2\/types\/post"}],"author":[{"embeddable":true,"href":"https:\/\/linitiative.ca\/International\/wp-json\/wp\/v2\/users\/1760"}],"replies":[{"embeddable":true,"href":"https:\/\/linitiative.ca\/International\/wp-json\/wp\/v2\/comments?post=123426"}],"version-history":[{"count":0,"href":"https:\/\/linitiative.ca\/International\/wp-json\/wp\/v2\/posts\/123426\/revisions"}],"wp:attachment":[{"href":"https:\/\/linitiative.ca\/International\/wp-json\/wp\/v2\/media?parent=123426"}],"wp:term":[{"taxonomy":"category","embeddable":true,"href":"https:\/\/linitiative.ca\/International\/wp-json\/wp\/v2\/categories?post=123426"},{"taxonomy":"post_tag","embeddable":true,"href":"https:\/\/linitiative.ca\/International\/wp-json\/wp\/v2\/tags?post=123426"}],"curies":[{"name":"wp","href":"https:\/\/api.w.org\/{rel}","templated":true}]}}