{"id":123427,"date":"2021-08-05T14:01:00","date_gmt":"2021-08-05T18:01:00","guid":{"rendered":"https:\/\/linitiative.ca\/International\/ledition-2021-du-festival-visa-for-movie-rabat-reportee\/"},"modified":"2021-08-05T14:01:00","modified_gmt":"2021-08-05T18:01:00","slug":"ledition-2021-du-festival-visa-for-movie-rabat-reportee","status":"publish","type":"post","link":"https:\/\/linitiative.ca\/International\/ledition-2021-du-festival-visa-for-movie-rabat-reportee\/","title":{"rendered":"L\u2019\u00e9dition 2021 du Festival Visa for Movie Rabat report\u00e9e"},"content":{"rendered":"<div>\n<p class=\"has-black-color has-text-color\"><strong>L\u2019\u00e9dition 2021 du Festival Visa for Movie Rabat, initialement pr\u00e9vue du 04 au 08 ao\u00fbt, a \u00e9t\u00e9 report\u00e9e \u00e0 une date ult\u00e9rieure, ont annonc\u00e9, mardi, les organisateurs.<\/strong><\/p>\n<p class=\"has-black-color has-text-color\">\u00ab\u00a0Face \u00e0 la situation pand\u00e9mique li\u00e9e au Covid-19 et par mesure de pr\u00e9caution, nous avons d\u00e9cid\u00e9 en collaboration avec la Wilaya de la r\u00e9gion Rabat-Sal\u00e9-K\u00e9nitra de reporter l\u2019\u00e9dition 2021 du festival Visa for Movie \u00e0 une date ult\u00e9rieure\u00a0\u00bb, indique l\u2019Association du Festival international de cin\u00e9ma d\u2019auteur de Rabat dans un communiqu\u00e9.<\/p>\n<p class=\"has-black-color has-text-color\">\u00ab\u00a0La sant\u00e9 du public est notre unique priorit\u00e9. C\u2019est \u00e9videmment une d\u00e9cision difficile \u00e0 prendre, mais les conditions ne sont pas r\u00e9unies aujourd\u2019hui pour que cet \u00e9v\u00e8nement se d\u00e9roule en toute s\u00e9r\u00e9nit\u00e9\u00a0\u00bb, a-t-on expliqu\u00e9. Saluant le public de Visa for Movie ainsi que les autorit\u00e9s locales pour leur accompagnement de \u00ab\u00a0longue date\u00a0\u00bb et leur soutien renouvel\u00e9 pendant cette p\u00e9riode compliqu\u00e9e, la m\u00eame source a soulign\u00e9 sa volont\u00e9 de faire de cet \u00e9v\u00e8nement une r\u00e9ussite. La date de l\u2019\u00e9v\u00e8nement sera annonc\u00e9e ult\u00e9rieurement, a conclu le communiqu\u00e9.<\/p>\n<p>L\u2019article <a rel=\"nofollow\" href=\"http:\/\/albayane.press.ma\/ledition-2021-du-festival-visa-for-movie-rabat-reportee.html\">L\u2019\u00e9dition 2021 du Festival Visa for Movie Rabat report\u00e9e<\/a> est apparu en premier sur <a rel=\"nofollow\" href=\"http:\/\/albayane.press.ma\/\">ALBAYANE<\/a>.<\/p>\n<\/div>\n<p>Auteur: M&rsquo;hammed rahal<br \/>\n<a href=\"http:\/\/albayane.press.ma\/ledition-2021-du-festival-visa-for-movie-rabat-reportee.html\">Cliquez ici pour lire l&rsquo;article depuis sa source.<\/a><\/p>\n","protected":false},"excerpt":{"rendered":"<p>L\u2019\u00e9dition 2021 du Festival Visa for Movie Rabat, initialement pr\u00e9vue du 04 au 08 ao\u00fbt, a \u00e9t\u00e9 report\u00e9e \u00e0 une date ult\u00e9rieure, ont annonc\u00e9, mardi, les organisateurs. \u00ab\u00a0Face \u00e0 la situation pand\u00e9mique li\u00e9e au Covid-19 et par mesure de pr\u00e9caution, nous avons d\u00e9cid\u00e9 en collaboration avec la Wilaya de la r\u00e9gion Rabat-Sal\u00e9-K\u00e9nitra de reporter l\u2019\u00e9dition [&hellip;]<\/p>\n","protected":false},"author":1760,"featured_media":0,"comment_status":"closed","ping_status":"closed","sticky":false,"template":"","format":"standard","meta":{"fifu_image_url":"","fifu_image_alt":"","footnotes":""},"categories":[73,54],"tags":[],"class_list":["post-123427","post","type-post","status-publish","format-standard","hentry","category-actualite","category-maroc"],"_links":{"self":[{"href":"https:\/\/linitiative.ca\/International\/wp-json\/wp\/v2\/posts\/123427","targetHints":{"allow":["GET"]}}],"collection":[{"href":"https:\/\/linitiative.ca\/International\/wp-json\/wp\/v2\/posts"}],"about":[{"href":"https:\/\/linitiative.ca\/International\/wp-json\/wp\/v2\/types\/post"}],"author":[{"embeddable":true,"href":"https:\/\/linitiative.ca\/International\/wp-json\/wp\/v2\/users\/1760"}],"replies":[{"embeddable":true,"href":"https:\/\/linitiative.ca\/International\/wp-json\/wp\/v2\/comments?post=123427"}],"version-history":[{"count":0,"href":"https:\/\/linitiative.ca\/International\/wp-json\/wp\/v2\/posts\/123427\/revisions"}],"wp:attachment":[{"href":"https:\/\/linitiative.ca\/International\/wp-json\/wp\/v2\/media?parent=123427"}],"wp:term":[{"taxonomy":"category","embeddable":true,"href":"https:\/\/linitiative.ca\/International\/wp-json\/wp\/v2\/categories?post=123427"},{"taxonomy":"post_tag","embeddable":true,"href":"https:\/\/linitiative.ca\/International\/wp-json\/wp\/v2\/tags?post=123427"}],"curies":[{"name":"wp","href":"https:\/\/api.w.org\/{rel}","templated":true}]}}