{"id":123428,"date":"2021-08-05T14:01:00","date_gmt":"2021-08-05T18:01:00","guid":{"rendered":"https:\/\/linitiative.ca\/International\/la-pandemie-de-covid-19-a-eu-des-impacts-differenciessur-le-secteur\/"},"modified":"2021-08-05T14:01:00","modified_gmt":"2021-08-05T18:01:00","slug":"la-pandemie-de-covid-19-a-eu-des-impacts-differenciessur-le-secteur","status":"publish","type":"post","link":"https:\/\/linitiative.ca\/International\/la-pandemie-de-covid-19-a-eu-des-impacts-differenciessur-le-secteur\/","title":{"rendered":"La pand\u00e9mie de Covid-19 a eu des impacts diff\u00e9renci\u00e9ssur le secteur"},"content":{"rendered":"<div>\n<p class=\"has-text-align-center has-vivid-red-color has-text-color\"><strong>Etablissements et entreprises publics<\/strong><\/p>\n<p class=\"has-black-color has-text-color\"><strong>Le contexte n\u00e9 de la pand\u00e9mie de Covid-19 a eu des impacts \u00ab\u00a0diff\u00e9renci\u00e9s\u00a0\u00bb sur le secteur des Etablissements et entreprises publics (EEP), et ce en fonction de la nature de leurs activit\u00e9s, indique la Direction des entreprises publiques et de la privatisation (DEPP), relevant du minist\u00e8re de l\u2019Economie, des finances et de la r\u00e9forme de l\u2019administration. Les EEP \u0153uvrant dans les secteurs a\u00e9roportuaire, autoroutier, ferroviaire, de l\u2019\u00e9nergie, audiovisuel et de l\u2019am\u00e9nagement ont connu un arr\u00eat substantiel, voire total de leur activit\u00e9, tandis que d\u2019autres secteurs se sont montr\u00e9s plus r\u00e9silients \u00e0 l\u2019instar des secteurs bancaire, portuaire, des t\u00e9l\u00e9coms et du secteur minier tir\u00e9 principalement par l\u2019OCP, pr\u00e9cise la Direction dans son rapport d\u2019activit\u00e9 pour l\u2019ann\u00e9e 2020.\u00a0 La DEPP qui souligne que l\u2019\u00c9tat a assur\u00e9 un suivi minutieux et un accompagnement des EEP les plus impact\u00e9s par cette crise, fait savoir que le besoin financier global pour les Etablissements et entreprises publics (EEP) \u0153uvrant dans les secteurs a\u00e9roportuaire, autoroutier, ferroviaire, de l\u2019\u00e9nergie, de l\u2019audiovisuel et de l\u2019am\u00e9nagement, est estim\u00e9 \u00e0 12,69 milliards de dirhams (MMDH) au titre de l\u2019ann\u00e9e 2020.<\/strong><\/p>\n<p class=\"has-black-color has-text-color\">Par ailleurs, le rapport fait ressortir que d\u00e8s mars 2020, le minist\u00e8re a entrepris plusieurs actions visant l\u2019accompagnement des EEP dans le but d\u2019att\u00e9nuer les effets de la pand\u00e9mie sur leurs activit\u00e9s.<\/p>\n<p class=\"has-black-color has-text-color\">Dans ce sillage, le rapport cite notamment la publication, le 1er juin 2020, de la loi n\u00b0 27.20 relative au fonctionnement des organes d\u2019administration des soci\u00e9t\u00e9s anonymes et des modalit\u00e9s de tenue de leurs assembl\u00e9es g\u00e9n\u00e9rales au cours de la p\u00e9riode de l\u2019\u00e9tat d\u2019urgence, consacrant, notamment le recours aux visioconf\u00e9rences et \u00e0 des pratiques simplifi\u00e9es pour la lev\u00e9e de financement.<\/p>\n<p class=\"has-black-color has-text-color\">Il cite aussi la cr\u00e9ation par le Comit\u00e9 de veille strat\u00e9gique, lors de sa 7\u00e8me r\u00e9union tenue le 8 mai 2020, d\u2019un Fonds de garantie sp\u00e9cifique permettant aux EEP impact\u00e9s par le Covid-19 de lever de nouvelles ressources financi\u00e8res n\u00e9cessaires au renforcement de leurs financements permanents et leur assurer un d\u00e9veloppement soutenable et durable de leurs activit\u00e9s ainsi que l\u2019acc\u00e9l\u00e9ration de la d\u00e9mat\u00e9rialisation des \u00e9changes des EEP suite \u00e0 la circulaire du minist\u00e8re du 5 mai 2020 au sujet des services num\u00e9riques des correspondances administratives aff\u00e9rentes aux EEP.<\/p>\n<p class=\"has-black-color has-text-color\">Selon la DEPP, la Caisse nationale de s\u00e9curit\u00e9 sociale (CNSS) a jou\u00e9 un r\u00f4le important dans l\u2019acheminement des aides et des appuis de l\u2019\u00c9tat \u00e0 travers l\u2019allocation d\u2019une indemnit\u00e9 forfaitaire mensuelle de 2.000 DH dans l\u2019objectif de soutenir les entreprises impact\u00e9es et pr\u00e9server les emplois et ce, dans le cadre de la loi n\u00b0 25-20, adopt\u00e9e le 23 avril 2020, \u00e9dictant des mesures exceptionnelles au profit des employeurs, affili\u00e9s \u00e0 la CNSS et leurs salari\u00e9s d\u00e9clar\u00e9s, impact\u00e9s par les r\u00e9percussions de la pand\u00e9mie.<\/p>\n<p class=\"has-black-color has-text-color\">Il s\u2019agit \u00e9galement de l\u2019all\u00e8gement des charges des entreprises en difficult\u00e9 \u00e0 travers le report, sur une p\u00e9riode de 18 mois, du paiement des cotisations dues \u00e0 la CNSS, au cours de la p\u00e9riode allant du 1er mars au 30 juin 2020 et ce, conform\u00e9ment aux dispositions des articles 4 de la loi n\u00b0 25-20 pr\u00e9cit\u00e9e et de l\u2019article 3 de la d\u00e9cision conjointe du ministre de l\u2019Economie, des Finances et de la R\u00e9forme de l\u2019Administration et du ministre du Travail et de l\u2019Insertion Professionnelle, ajoute le rapport.<\/p>\n<p>L\u2019article <a rel=\"nofollow\" href=\"http:\/\/albayane.press.ma\/la-pandemie-de-covid-19-a-eu-des-impacts-differenciessur-le-secteur.html\">La pand\u00e9mie de Covid-19 a eu des impacts diff\u00e9renci\u00e9ssur le secteur<\/a> est apparu en premier sur <a rel=\"nofollow\" href=\"http:\/\/albayane.press.ma\/\">ALBAYANE<\/a>.<\/p>\n<\/div>\n<p>Auteur: M&rsquo;hammed rahal<br \/>\n<a href=\"http:\/\/albayane.press.ma\/la-pandemie-de-covid-19-a-eu-des-impacts-differenciessur-le-secteur.html\">Cliquez ici pour lire l&rsquo;article depuis sa source.<\/a><\/p>\n","protected":false},"excerpt":{"rendered":"<p>Etablissements et entreprises publics Le contexte n\u00e9 de la pand\u00e9mie de Covid-19 a eu des impacts \u00ab\u00a0diff\u00e9renci\u00e9s\u00a0\u00bb sur le secteur des Etablissements et entreprises publics (EEP), et ce en fonction de la nature de leurs activit\u00e9s, indique la Direction des entreprises publiques et de la privatisation (DEPP), relevant du minist\u00e8re de l\u2019Economie, des finances et [&hellip;]<\/p>\n","protected":false},"author":1760,"featured_media":0,"comment_status":"closed","ping_status":"closed","sticky":false,"template":"","format":"standard","meta":{"fifu_image_url":"","fifu_image_alt":"","footnotes":""},"categories":[73,54],"tags":[],"class_list":["post-123428","post","type-post","status-publish","format-standard","hentry","category-actualite","category-maroc"],"_links":{"self":[{"href":"https:\/\/linitiative.ca\/International\/wp-json\/wp\/v2\/posts\/123428","targetHints":{"allow":["GET"]}}],"collection":[{"href":"https:\/\/linitiative.ca\/International\/wp-json\/wp\/v2\/posts"}],"about":[{"href":"https:\/\/linitiative.ca\/International\/wp-json\/wp\/v2\/types\/post"}],"author":[{"embeddable":true,"href":"https:\/\/linitiative.ca\/International\/wp-json\/wp\/v2\/users\/1760"}],"replies":[{"embeddable":true,"href":"https:\/\/linitiative.ca\/International\/wp-json\/wp\/v2\/comments?post=123428"}],"version-history":[{"count":0,"href":"https:\/\/linitiative.ca\/International\/wp-json\/wp\/v2\/posts\/123428\/revisions"}],"wp:attachment":[{"href":"https:\/\/linitiative.ca\/International\/wp-json\/wp\/v2\/media?parent=123428"}],"wp:term":[{"taxonomy":"category","embeddable":true,"href":"https:\/\/linitiative.ca\/International\/wp-json\/wp\/v2\/categories?post=123428"},{"taxonomy":"post_tag","embeddable":true,"href":"https:\/\/linitiative.ca\/International\/wp-json\/wp\/v2\/tags?post=123428"}],"curies":[{"name":"wp","href":"https:\/\/api.w.org\/{rel}","templated":true}]}}