{"id":12343,"date":"2019-02-08T15:14:03","date_gmt":"2019-02-08T20:14:03","guid":{"rendered":"https:\/\/linitiative.ca\/International\/international-barcelone-arthur-melo-connait-la-duree-de-son-indisponibilite\/"},"modified":"2019-02-08T15:14:03","modified_gmt":"2019-02-08T20:14:03","slug":"international-barcelone-arthur-melo-connait-la-duree-de-son-indisponibilite","status":"publish","type":"post","link":"https:\/\/linitiative.ca\/International\/international-barcelone-arthur-melo-connait-la-duree-de-son-indisponibilite\/","title":{"rendered":"International : Barcelone : Arthur Melo connait la dur\u00e9e de son indisponibilit\u00e9"},"content":{"rendered":"<div readability=\"32\">\n<p>Auteur : <span class=\"time\">vendredi 08 f\u00e9vrier 2019 18:15<\/span><\/p>\n<\/div>\n<div id=\"post_core\" readability=\"42\">\n<p>En effet, Footmercato.net a annonc\u00e9 que Br\u00e9silien Arthur Melo allait manquer entre 3 et 4 semaines de comp\u00e9tition.<\/p>\n<p>Une blessure survenue lors de la rencontre face au Real Madrid. Le joueur souffrirait d\u2019une blessure musculaire \u00e0 la jambe gauche. Un coup dur pour le FC Barcelone qui devra donc patienter plusieurs semaines sans son num\u00e9ro 8, et qui devra donc se d\u00e9placer \u00e0 Lyon sans lui en huiti\u00e8me de finale aller de la Ligue des Champions.<\/p>\n<p><strong>Publi\u00e9 dans :<\/strong> <span>Barcelone<\/span> <span>Arthur Melo<\/span><\/p>\n<\/div>\n","protected":false},"excerpt":{"rendered":"<p>Auteur : vendredi 08 f\u00e9vrier 2019 18:15 En effet, Footmercato.net a annonc\u00e9 que Br\u00e9silien Arthur Melo allait manquer entre 3 et 4 semaines de comp\u00e9tition. Une blessure survenue lors de la rencontre face au Real Madrid. Le joueur souffrirait d\u2019une blessure musculaire \u00e0 la jambe gauche. Un coup dur pour le FC Barcelone qui devra [&hellip;]<\/p>\n","protected":false},"author":1738,"featured_media":12344,"comment_status":"closed","ping_status":"closed","sticky":false,"template":"","format":"standard","meta":{"fifu_image_url":"","fifu_image_alt":"","footnotes":""},"categories":[53,75],"tags":[],"class_list":["post-12343","post","type-post","status-publish","format-standard","has-post-thumbnail","hentry","category-algerie","category-sport"],"_links":{"self":[{"href":"https:\/\/linitiative.ca\/International\/wp-json\/wp\/v2\/posts\/12343","targetHints":{"allow":["GET"]}}],"collection":[{"href":"https:\/\/linitiative.ca\/International\/wp-json\/wp\/v2\/posts"}],"about":[{"href":"https:\/\/linitiative.ca\/International\/wp-json\/wp\/v2\/types\/post"}],"author":[{"embeddable":true,"href":"https:\/\/linitiative.ca\/International\/wp-json\/wp\/v2\/users\/1738"}],"replies":[{"embeddable":true,"href":"https:\/\/linitiative.ca\/International\/wp-json\/wp\/v2\/comments?post=12343"}],"version-history":[{"count":0,"href":"https:\/\/linitiative.ca\/International\/wp-json\/wp\/v2\/posts\/12343\/revisions"}],"wp:featuredmedia":[{"embeddable":true,"href":"https:\/\/linitiative.ca\/International\/wp-json\/"}],"wp:attachment":[{"href":"https:\/\/linitiative.ca\/International\/wp-json\/wp\/v2\/media?parent=12343"}],"wp:term":[{"taxonomy":"category","embeddable":true,"href":"https:\/\/linitiative.ca\/International\/wp-json\/wp\/v2\/categories?post=12343"},{"taxonomy":"post_tag","embeddable":true,"href":"https:\/\/linitiative.ca\/International\/wp-json\/wp\/v2\/tags?post=12343"}],"curies":[{"name":"wp","href":"https:\/\/api.w.org\/{rel}","templated":true}]}}