{"id":123437,"date":"2021-08-06T13:48:12","date_gmt":"2021-08-06T17:48:12","guid":{"rendered":"https:\/\/linitiative.ca\/International\/la-vaccination-ouverte-aux-allergiques-allaitantes-et-enceintes\/"},"modified":"2021-08-06T13:48:12","modified_gmt":"2021-08-06T17:48:12","slug":"la-vaccination-ouverte-aux-allergiques-allaitantes-et-enceintes","status":"publish","type":"post","link":"https:\/\/linitiative.ca\/International\/la-vaccination-ouverte-aux-allergiques-allaitantes-et-enceintes\/","title":{"rendered":"La vaccination ouverte aux allergiques, allaitantes et enceintes"},"content":{"rendered":"<div>\n<div style=\"margin-bottom:20px;\"><img loading=\"lazy\" decoding=\"async\" width=\"750\" height=\"430\" src=\"https:\/\/linitiative.ca\/International\/wp-content\/uploads\/sites\/23\/2021\/08\/femme.jpg\" class=\"attachment-post-thumbnail size-post-thumbnail wp-post-image\" alt=\"\" srcset=\"https:\/\/linitiative.ca\/International\/wp-content\/uploads\/sites\/23\/2021\/08\/femme.jpg 750w, http:\/\/www.mapmarrakech.ma\/map\/uploads\/2021\/08\/femme-300x172.jpg 300w\" sizes=\"auto, (max-width: 750px) 100vw, 750px\"><\/div>\n<p>Cette d\u00e9cision est prise\u00a0sur\u00a0la base des derni\u00e8res donn\u00e9es scientifiques internationales et des recommandations du Comit\u00e9 scientifique national de la vaccination, selon lesquelles\u00a0les femmes allaitantes et les femmes enceintes d\u00e8s le quatri\u00e8me mois de grossesse peuvent acc\u00e9der au vaccin anti Covid-19,\u00a0affirme le minist\u00e8re, jeudi dans un communiqu\u00e9.<\/p>\n<p>De m\u00eame, le comit\u00e9 scientifique en charge de la strat\u00e9gie nationale de vaccination contre la Covid-19 a relev\u00e9 les contre-indications au vaccin pour les personnes souffrant de probl\u00e8mes allergiques, sauf pour les chocs anaphylactiques s\u00e9v\u00e8res (Choc anaphylactique et \u0153d\u00e8me de Quincke), pr\u00e9cise le minist\u00e8re.<\/p>\n<p>Et d\u2019appeler toutes les cat\u00e9gories cibl\u00e9es \u00e0 continuer leur engagement dans ce grand chantier national, dans le but de parvenir \u00e0 une immunit\u00e9 collective, tout en insistant sur\u00a0la n\u00e9cessit\u00e9 de continuer \u00e0 respecter les mesures de pr\u00e9vention avant, pendant et apr\u00e8s la vaccination.<\/p>\n<p>The post <a rel=\"nofollow\" href=\"http:\/\/www.mapmarrakech.ma\/fr\/la-vaccination-ouverte-aux-allergiques-allaitantes-et-enceintes\/\">La vaccination ouverte aux allergiques, allaitantes et enceintes<\/a> appeared first on <a rel=\"nofollow\" href=\"http:\/\/www.mapmarrakech.ma\/fr\">MapMarrakech<\/a>.<\/p>\n<\/div>\n<p>Auteur: Meriem IGASS<br \/>\n<a href=\"http:\/\/www.mapmarrakech.ma\/fr\/la-vaccination-ouverte-aux-allergiques-allaitantes-et-enceintes\/\">Cliquez ici pour lire l&rsquo;article depuis sa source.<\/a><\/p>\n","protected":false},"excerpt":{"rendered":"<p>Cette d\u00e9cision est prise\u00a0sur\u00a0la base des derni\u00e8res donn\u00e9es scientifiques internationales et des recommandations du Comit\u00e9 scientifique national de la vaccination, selon lesquelles\u00a0les femmes allaitantes et les femmes enceintes d\u00e8s le quatri\u00e8me mois de grossesse peuvent acc\u00e9der au vaccin anti Covid-19,\u00a0affirme le minist\u00e8re, jeudi dans un communiqu\u00e9. De m\u00eame, le comit\u00e9 scientifique en charge de la [&hellip;]<\/p>\n","protected":false},"author":1788,"featured_media":0,"comment_status":"closed","ping_status":"closed","sticky":false,"template":"","format":"standard","meta":{"fifu_image_url":"http:\/\/www.mapmarrakech.ma\/map\/uploads\/2021\/08\/femme.jpg","fifu_image_alt":"La vaccination ouverte aux allergiques, allaitantes et enceintes","footnotes":""},"categories":[54,76],"tags":[],"class_list":["post-123437","post","type-post","status-publish","format-standard","hentry","category-maroc","category-regions"],"_links":{"self":[{"href":"https:\/\/linitiative.ca\/International\/wp-json\/wp\/v2\/posts\/123437","targetHints":{"allow":["GET"]}}],"collection":[{"href":"https:\/\/linitiative.ca\/International\/wp-json\/wp\/v2\/posts"}],"about":[{"href":"https:\/\/linitiative.ca\/International\/wp-json\/wp\/v2\/types\/post"}],"author":[{"embeddable":true,"href":"https:\/\/linitiative.ca\/International\/wp-json\/wp\/v2\/users\/1788"}],"replies":[{"embeddable":true,"href":"https:\/\/linitiative.ca\/International\/wp-json\/wp\/v2\/comments?post=123437"}],"version-history":[{"count":0,"href":"https:\/\/linitiative.ca\/International\/wp-json\/wp\/v2\/posts\/123437\/revisions"}],"wp:attachment":[{"href":"https:\/\/linitiative.ca\/International\/wp-json\/wp\/v2\/media?parent=123437"}],"wp:term":[{"taxonomy":"category","embeddable":true,"href":"https:\/\/linitiative.ca\/International\/wp-json\/wp\/v2\/categories?post=123437"},{"taxonomy":"post_tag","embeddable":true,"href":"https:\/\/linitiative.ca\/International\/wp-json\/wp\/v2\/tags?post=123437"}],"curies":[{"name":"wp","href":"https:\/\/api.w.org\/{rel}","templated":true}]}}