{"id":123439,"date":"2021-08-05T16:40:53","date_gmt":"2021-08-05T20:40:53","guid":{"rendered":"https:\/\/linitiative.ca\/International\/covid-19-la-vaccination-ouverte-aux-allergiques-allaitantes-et-enceintes-a-partir-du-4-eme-mois\/"},"modified":"2021-08-05T16:40:53","modified_gmt":"2021-08-05T20:40:53","slug":"covid-19-la-vaccination-ouverte-aux-allergiques-allaitantes-et-enceintes-a-partir-du-4-eme-mois","status":"publish","type":"post","link":"https:\/\/linitiative.ca\/International\/covid-19-la-vaccination-ouverte-aux-allergiques-allaitantes-et-enceintes-a-partir-du-4-eme-mois\/","title":{"rendered":"Covid-19: La vaccination ouverte aux allergiques, allaitantes et enceintes \u00e0 partir du 4-\u00e8me mois"},"content":{"rendered":"<div>\n<div style=\"margin-bottom:20px;\"><img loading=\"lazy\" decoding=\"async\" width=\"750\" height=\"430\" src=\"https:\/\/linitiative.ca\/International\/wp-content\/uploads\/sites\/23\/2021\/08\/Vaccin-1.jpg\" class=\"attachment-post-thumbnail size-post-thumbnail wp-post-image\" alt=\"\" srcset=\"https:\/\/linitiative.ca\/International\/wp-content\/uploads\/sites\/23\/2021\/08\/Vaccin-1.jpg 750w, http:\/\/www.mapoujda.ma\/map\/uploads\/2021\/08\/Vaccin-1-300x172.jpg 300w\" sizes=\"auto, (max-width: 750px) 100vw, 750px\"><\/div>\n<p>La campagne de vaccination anti Covid-19 est d\u00e9sormais ouverte aux personnes souffrant d\u2019allergies, aux femmes allaitantes et aux femmes enceintes d\u00e8s le quatri\u00e8me mois de grossesse, a annonc\u00e9 le minist\u00e8re de la Sant\u00e9.<\/p>\n<p>Cette d\u00e9cision est prise sur la base des derni\u00e8res donn\u00e9es scientifiques internationales et des recommandations du Comit\u00e9 scientifique national de la vaccination, selon lesquelles les femmes allaitantes et les femmes enceintes d\u00e8s le quatri\u00e8me mois de grossesse peuvent acc\u00e9der au vaccin anti Covid-19, affirme le minist\u00e8re, jeudi dans un communiqu\u00e9.<\/p>\n<p>De m\u00eame, le comit\u00e9 scientifique en charge de la strat\u00e9gie nationale de vaccination contre la Covid-19 a relev\u00e9 les contre-indications au vaccin pour les personnes souffrant de probl\u00e8mes allergiques, sauf pour les chocs anaphylactiques s\u00e9v\u00e8res (Choc anaphylactique et \u0153d\u00e8me de Quincke), pr\u00e9cise le minist\u00e8re.<\/p>\n<p>Et d\u2019appeler toutes les cat\u00e9gories cibl\u00e9es \u00e0 continuer leur engagement dans ce grand chantier national, dans le but de parvenir \u00e0 une immunit\u00e9 collective, tout en insistant sur la n\u00e9cessit\u00e9 de continuer \u00e0 respecter les mesures de pr\u00e9vention avant, pendant et apr\u00e8s la vaccination.<\/p>\n<p>L\u2019article <a rel=\"nofollow\" href=\"http:\/\/www.mapoujda.ma\/fr\/covid-19-la-vaccination-ouverte-aux-allergiques-allaitantes-et-enceintes-a-partir-du-4-eme-mois\/\">Covid-19: La vaccination ouverte aux allergiques, allaitantes et enceintes \u00e0 partir du 4-\u00e8me mois<\/a> est apparu en premier sur <a rel=\"nofollow\" href=\"http:\/\/www.mapoujda.ma\/fr\">MapOujda<\/a>.<\/p>\n<\/div>\n<p>Auteur: Ismail Bahhane<br \/>\n<a href=\"http:\/\/www.mapoujda.ma\/fr\/covid-19-la-vaccination-ouverte-aux-allergiques-allaitantes-et-enceintes-a-partir-du-4-eme-mois\/\">Cliquez ici pour lire l&rsquo;article depuis sa source.<\/a><\/p>\n","protected":false},"excerpt":{"rendered":"<p>La campagne de vaccination anti Covid-19 est d\u00e9sormais ouverte aux personnes souffrant d\u2019allergies, aux femmes allaitantes et aux femmes enceintes d\u00e8s le quatri\u00e8me mois de grossesse, a annonc\u00e9 le minist\u00e8re de la Sant\u00e9. Cette d\u00e9cision est prise sur la base des derni\u00e8res donn\u00e9es scientifiques internationales et des recommandations du Comit\u00e9 scientifique national de la vaccination, [&hellip;]<\/p>\n","protected":false},"author":1788,"featured_media":0,"comment_status":"closed","ping_status":"closed","sticky":false,"template":"","format":"standard","meta":{"fifu_image_url":"http:\/\/www.mapoujda.ma\/map\/uploads\/2021\/08\/Vaccin-1.jpg","fifu_image_alt":"Covid-19: La vaccination ouverte aux allergiques, allaitantes et enceintes \u00e0 partir du 4-\u00e8me mois","footnotes":""},"categories":[54,76],"tags":[],"class_list":["post-123439","post","type-post","status-publish","format-standard","hentry","category-maroc","category-regions"],"_links":{"self":[{"href":"https:\/\/linitiative.ca\/International\/wp-json\/wp\/v2\/posts\/123439","targetHints":{"allow":["GET"]}}],"collection":[{"href":"https:\/\/linitiative.ca\/International\/wp-json\/wp\/v2\/posts"}],"about":[{"href":"https:\/\/linitiative.ca\/International\/wp-json\/wp\/v2\/types\/post"}],"author":[{"embeddable":true,"href":"https:\/\/linitiative.ca\/International\/wp-json\/wp\/v2\/users\/1788"}],"replies":[{"embeddable":true,"href":"https:\/\/linitiative.ca\/International\/wp-json\/wp\/v2\/comments?post=123439"}],"version-history":[{"count":0,"href":"https:\/\/linitiative.ca\/International\/wp-json\/wp\/v2\/posts\/123439\/revisions"}],"wp:attachment":[{"href":"https:\/\/linitiative.ca\/International\/wp-json\/wp\/v2\/media?parent=123439"}],"wp:term":[{"taxonomy":"category","embeddable":true,"href":"https:\/\/linitiative.ca\/International\/wp-json\/wp\/v2\/categories?post=123439"},{"taxonomy":"post_tag","embeddable":true,"href":"https:\/\/linitiative.ca\/International\/wp-json\/wp\/v2\/tags?post=123439"}],"curies":[{"name":"wp","href":"https:\/\/api.w.org\/{rel}","templated":true}]}}