{"id":123441,"date":"2021-08-06T07:03:47","date_gmt":"2021-08-06T11:03:47","guid":{"rendered":"https:\/\/linitiative.ca\/International\/previsions-meteorologiques-pour-la-journee-du-vendredi\/"},"modified":"2021-08-06T07:03:47","modified_gmt":"2021-08-06T11:03:47","slug":"previsions-meteorologiques-pour-la-journee-du-vendredi","status":"publish","type":"post","link":"https:\/\/linitiative.ca\/International\/previsions-meteorologiques-pour-la-journee-du-vendredi\/","title":{"rendered":"Pr\u00e9visions m\u00e9t\u00e9orologiques pour la journ\u00e9e du vendredi"},"content":{"rendered":"<div>\n<div style=\"margin-bottom:20px;\"><img loading=\"lazy\" decoding=\"async\" width=\"750\" height=\"430\" src=\"https:\/\/linitiative.ca\/International\/wp-content\/uploads\/sites\/23\/2021\/08\/soleil_mC3A9tC3A9o-1.jpg\" class=\"attachment-post-thumbnail size-post-thumbnail wp-post-image\" alt=\"\" srcset=\"https:\/\/linitiative.ca\/International\/wp-content\/uploads\/sites\/23\/2021\/08\/soleil_mC3A9tC3A9o-1.jpg 750w, http:\/\/www.mapoujda.ma\/map\/uploads\/2021\/07\/soleil_m\u00e9t\u00e9o-1-300x172.jpg 300w\" sizes=\"auto, (max-width: 750px) 100vw, 750px\"><\/div>\n<p>Voici les pr\u00e9visions m\u00e9t\u00e9orologiques pour la journ\u00e9e du vendredi 06 ao\u00fbt 2021, \u00e9tablies par la Direction g\u00e9n\u00e9rale de la m\u00e9t\u00e9orologie:<\/p>\n<p>\u2013 Temps assez chaud sur le Sud-Est, l\u2019Oriental et les plaines int\u00e9rieures.<\/p>\n<p>\u2013 Formations brumeuses et nuages bas matinaux et nocturnes sur les c\u00f4tes atlantiques.<\/p>\n<p>\u2013 Nuages bas denses avec bruines locales sur les c\u00f4tes Centre et le Nord des provinces Sud.<\/p>\n<p>\u2013 Temps stable et clair \u00e0 peu nuageux partout ailleurs.<\/p>\n<p>\u2013 Chasse-sables sur le Sud-Est, le Sud de l\u2019Oriental et les provinces Sud.<\/p>\n<p>\u2013 Vent mod\u00e9r\u00e9 \u00e0 assez fort de Nord sur le Sud et les c\u00f4tes Centre et de Sud sur le Sud-Est et le Sud de l\u2019Oriental et faible \u00e0 mod\u00e9r\u00e9 de Nord \u00e0 Ouest en g\u00e9n\u00e9ral ailleurs.<\/p>\n<p>\u2013 Temp\u00e9ratures minimales de l\u2019ordre de 22\/26\u00b0C sur le Sud-Est, de 10\/16\u00b0C sur les reliefs et de 16\/22\u00b0C ailleurs.<\/p>\n<p>\u2013 Temp\u00e9ratures maximales de l\u2019ordre de 38\/44\u00b0C sur le Sud-Est et l\u2019Est et le Sud des provinces sahariennes, de 35\/40\u00b0C sur les plaines \u00e0 l\u2019Ouest de l\u2019Atlas, l\u2019Oriental, le Saiss, les plateaux des Phosphates et d\u2019Oulm\u00e8s et l\u2019int\u00e9rieur des provinces Sud, de 30\/36\u00b0C sur les plaines atlantiques et les reliefs et de 23\/28\u00b0C pr\u00e8s des c\u00f4tes.<\/p>\n<p>\u2013 Mer belle \u00e0 peu agit\u00e9e sur la M\u00e9diterran\u00e9e, peu agit\u00e9e sur le D\u00e9troit et peu agit\u00e9e \u00e0 agit\u00e9e le long du littoral atlantique.<\/p>\n<p>L\u2019article <a rel=\"nofollow\" href=\"http:\/\/www.mapoujda.ma\/fr\/previsions-meteorologiques-pour-la-journee-du-vendredi\/\">Pr\u00e9visions m\u00e9t\u00e9orologiques pour la journ\u00e9e du vendredi<\/a> est apparu en premier sur <a rel=\"nofollow\" href=\"http:\/\/www.mapoujda.ma\/fr\">MapOujda<\/a>.<\/p>\n<\/div>\n<p>Auteur: Ismail Bahhane<br \/>\n<a href=\"http:\/\/www.mapoujda.ma\/fr\/previsions-meteorologiques-pour-la-journee-du-vendredi\/\">Cliquez ici pour lire l&rsquo;article depuis sa source.<\/a><\/p>\n","protected":false},"excerpt":{"rendered":"<p>Voici les pr\u00e9visions m\u00e9t\u00e9orologiques pour la journ\u00e9e du vendredi 06 ao\u00fbt 2021, \u00e9tablies par la Direction g\u00e9n\u00e9rale de la m\u00e9t\u00e9orologie: \u2013 Temps assez chaud sur le Sud-Est, l\u2019Oriental et les plaines int\u00e9rieures. \u2013 Formations brumeuses et nuages bas matinaux et nocturnes sur les c\u00f4tes atlantiques. \u2013 Nuages bas denses avec bruines locales sur les c\u00f4tes [&hellip;]<\/p>\n","protected":false},"author":1788,"featured_media":0,"comment_status":"closed","ping_status":"closed","sticky":false,"template":"","format":"standard","meta":{"fifu_image_url":"http:\/\/www.mapoujda.ma\/map\/uploads\/2021\/07\/soleil_m\u00e9t\u00e9o-1.jpg","fifu_image_alt":"Pr\u00e9visions m\u00e9t\u00e9orologiques pour la journ\u00e9e du vendredi","footnotes":""},"categories":[54,76],"tags":[],"class_list":["post-123441","post","type-post","status-publish","format-standard","hentry","category-maroc","category-regions"],"_links":{"self":[{"href":"https:\/\/linitiative.ca\/International\/wp-json\/wp\/v2\/posts\/123441","targetHints":{"allow":["GET"]}}],"collection":[{"href":"https:\/\/linitiative.ca\/International\/wp-json\/wp\/v2\/posts"}],"about":[{"href":"https:\/\/linitiative.ca\/International\/wp-json\/wp\/v2\/types\/post"}],"author":[{"embeddable":true,"href":"https:\/\/linitiative.ca\/International\/wp-json\/wp\/v2\/users\/1788"}],"replies":[{"embeddable":true,"href":"https:\/\/linitiative.ca\/International\/wp-json\/wp\/v2\/comments?post=123441"}],"version-history":[{"count":0,"href":"https:\/\/linitiative.ca\/International\/wp-json\/wp\/v2\/posts\/123441\/revisions"}],"wp:attachment":[{"href":"https:\/\/linitiative.ca\/International\/wp-json\/wp\/v2\/media?parent=123441"}],"wp:term":[{"taxonomy":"category","embeddable":true,"href":"https:\/\/linitiative.ca\/International\/wp-json\/wp\/v2\/categories?post=123441"},{"taxonomy":"post_tag","embeddable":true,"href":"https:\/\/linitiative.ca\/International\/wp-json\/wp\/v2\/tags?post=123441"}],"curies":[{"name":"wp","href":"https:\/\/api.w.org\/{rel}","templated":true}]}}