{"id":123449,"date":"2021-08-06T14:21:02","date_gmt":"2021-08-06T18:21:02","guid":{"rendered":"https:\/\/linitiative.ca\/International\/la-bancassurance-en-hausse-en-2020\/"},"modified":"2021-08-06T14:21:02","modified_gmt":"2021-08-06T18:21:02","slug":"la-bancassurance-en-hausse-en-2020","status":"publish","type":"post","link":"https:\/\/linitiative.ca\/International\/la-bancassurance-en-hausse-en-2020\/","title":{"rendered":"La bancassurance en hausse en 2020"},"content":{"rendered":"<div>\n<div class=\"field field-name-body field-type-text-with-summary field-label-hidden\">\n<div class=\"field-items\">\n<div class=\"field-item even\" property=\"content:encoded\">\n<p class=\"rtejustify\">L&rsquo;activit\u00e9 de bancassurance marque un r\u00e9pit et enregistre une l\u00e9g\u00e8re augmentation de 0,4% au titre de l&rsquo;exercice 2020, au vue de la conjoncture sanitaire exceptionnelle, indique l&rsquo;Autorit\u00e9 de contr\u00f4le des assurances et de la pr\u00e9voyance sociale (ACAPS).<\/p>\n<\/div>\n<\/div>\n<\/div>\n<\/div>\n<p>Auteur: mbasraoui<br \/>\n<a href=\"https:\/\/www.leconomiste.com\/flash-infos\/la-bancassurance-en-hausse-en-2020\">Cliquez ici pour lire l&rsquo;article depuis sa source.<\/a><\/p>\n","protected":false},"excerpt":{"rendered":"<p>L&rsquo;activit\u00e9 de bancassurance marque un r\u00e9pit et enregistre une l\u00e9g\u00e8re augmentation de 0,4% au titre de l&rsquo;exercice 2020, au vue de la conjoncture sanitaire exceptionnelle, indique l&rsquo;Autorit\u00e9 de contr\u00f4le des assurances et de la pr\u00e9voyance sociale (ACAPS). Auteur: mbasraoui Cliquez ici pour lire l&rsquo;article depuis sa source.<\/p>\n","protected":false},"author":1763,"featured_media":0,"comment_status":"closed","ping_status":"closed","sticky":false,"template":"","format":"standard","meta":{"fifu_image_url":"","fifu_image_alt":"","footnotes":""},"categories":[78,54],"tags":[],"class_list":["post-123449","post","type-post","status-publish","format-standard","hentry","category-economie","category-maroc"],"_links":{"self":[{"href":"https:\/\/linitiative.ca\/International\/wp-json\/wp\/v2\/posts\/123449","targetHints":{"allow":["GET"]}}],"collection":[{"href":"https:\/\/linitiative.ca\/International\/wp-json\/wp\/v2\/posts"}],"about":[{"href":"https:\/\/linitiative.ca\/International\/wp-json\/wp\/v2\/types\/post"}],"author":[{"embeddable":true,"href":"https:\/\/linitiative.ca\/International\/wp-json\/wp\/v2\/users\/1763"}],"replies":[{"embeddable":true,"href":"https:\/\/linitiative.ca\/International\/wp-json\/wp\/v2\/comments?post=123449"}],"version-history":[{"count":0,"href":"https:\/\/linitiative.ca\/International\/wp-json\/wp\/v2\/posts\/123449\/revisions"}],"wp:attachment":[{"href":"https:\/\/linitiative.ca\/International\/wp-json\/wp\/v2\/media?parent=123449"}],"wp:term":[{"taxonomy":"category","embeddable":true,"href":"https:\/\/linitiative.ca\/International\/wp-json\/wp\/v2\/categories?post=123449"},{"taxonomy":"post_tag","embeddable":true,"href":"https:\/\/linitiative.ca\/International\/wp-json\/wp\/v2\/tags?post=123449"}],"curies":[{"name":"wp","href":"https:\/\/api.w.org\/{rel}","templated":true}]}}