{"id":12345,"date":"2019-02-08T15:14:04","date_gmt":"2019-02-08T20:14:04","guid":{"rendered":"https:\/\/linitiative.ca\/International\/international-man-city-guardiola-nen-demord-pas-au-sujet-du-real-madrid\/"},"modified":"2019-02-08T15:14:04","modified_gmt":"2019-02-08T20:14:04","slug":"international-man-city-guardiola-nen-demord-pas-au-sujet-du-real-madrid","status":"publish","type":"post","link":"https:\/\/linitiative.ca\/International\/international-man-city-guardiola-nen-demord-pas-au-sujet-du-real-madrid\/","title":{"rendered":"International : Man City : Guardiola n&rsquo;en d\u00e9mord pas au sujet du Real Madrid"},"content":{"rendered":"<div readability=\"32\">\n<p>Auteur : <span class=\"time\">vendredi 08 f\u00e9vrier 2019 19:53<\/span><\/p>\n<\/div>\n<div id=\"post_core\" readability=\"47\">\n<p>Cette d\u00e9claration de Pep Guardiola datant de la fin du mois de janvier ne passe pas au Real Madrid. \u00ab\u00a0C\u2019est une omission d\u00e9lib\u00e9r\u00e9e non\u00a0?\u00a0\u00bb, avait ri jaune un Santiago Solari, un brin agac\u00e9 en conf\u00e9rence de presse.<\/p>\n<p>Mais le coach de Manchester City n\u2019en d\u00e9mord pas pour m\u00eame en rajouter une couche. Il a pr\u00e9cis\u00e9 ses propos aujourd\u2019hui. \u00ab\u00a0Au cours des trois derni\u00e8res ann\u00e9es, ils ont gagn\u00e9 et je pense qu\u2019ils sont de loin la meilleure \u00e9quipe en Europe au cours de la derni\u00e8re d\u00e9cennie, \u00e0 partir du mois de f\u00e9vrier. Mais le Real Madrid n\u2019est pas la meilleure \u00e9quipe de la d\u00e9cennie quand on compte les championnats et les coupes. Ces choses-l\u00e0. La Juventus, le FC Barcelone et le Bayern Munich ont remport\u00e9 six ou sept fois leur championnat, et eux (le Real Madrid) deux. Je suis s\u00fbr maintenant que Solari comprend mieux ma r\u00e9ponse.\u00a0\u00bb Des propos relay\u00e9s par Footmercato.<\/p>\n<p><strong>Publi\u00e9 dans :<\/strong> <span>Manchester City<\/span><\/p>\n<\/div>\n","protected":false},"excerpt":{"rendered":"<p>Auteur : vendredi 08 f\u00e9vrier 2019 19:53 Cette d\u00e9claration de Pep Guardiola datant de la fin du mois de janvier ne passe pas au Real Madrid. \u00ab\u00a0C\u2019est une omission d\u00e9lib\u00e9r\u00e9e non\u00a0?\u00a0\u00bb, avait ri jaune un Santiago Solari, un brin agac\u00e9 en conf\u00e9rence de presse. Mais le coach de Manchester City n\u2019en d\u00e9mord pas pour m\u00eame [&hellip;]<\/p>\n","protected":false},"author":1738,"featured_media":12346,"comment_status":"closed","ping_status":"closed","sticky":false,"template":"","format":"standard","meta":{"fifu_image_url":"","fifu_image_alt":"","footnotes":""},"categories":[53,75],"tags":[],"class_list":["post-12345","post","type-post","status-publish","format-standard","has-post-thumbnail","hentry","category-algerie","category-sport"],"_links":{"self":[{"href":"https:\/\/linitiative.ca\/International\/wp-json\/wp\/v2\/posts\/12345","targetHints":{"allow":["GET"]}}],"collection":[{"href":"https:\/\/linitiative.ca\/International\/wp-json\/wp\/v2\/posts"}],"about":[{"href":"https:\/\/linitiative.ca\/International\/wp-json\/wp\/v2\/types\/post"}],"author":[{"embeddable":true,"href":"https:\/\/linitiative.ca\/International\/wp-json\/wp\/v2\/users\/1738"}],"replies":[{"embeddable":true,"href":"https:\/\/linitiative.ca\/International\/wp-json\/wp\/v2\/comments?post=12345"}],"version-history":[{"count":0,"href":"https:\/\/linitiative.ca\/International\/wp-json\/wp\/v2\/posts\/12345\/revisions"}],"wp:featuredmedia":[{"embeddable":true,"href":"https:\/\/linitiative.ca\/International\/wp-json\/"}],"wp:attachment":[{"href":"https:\/\/linitiative.ca\/International\/wp-json\/wp\/v2\/media?parent=12345"}],"wp:term":[{"taxonomy":"category","embeddable":true,"href":"https:\/\/linitiative.ca\/International\/wp-json\/wp\/v2\/categories?post=12345"},{"taxonomy":"post_tag","embeddable":true,"href":"https:\/\/linitiative.ca\/International\/wp-json\/wp\/v2\/tags?post=12345"}],"curies":[{"name":"wp","href":"https:\/\/api.w.org\/{rel}","templated":true}]}}