{"id":123452,"date":"2021-08-06T09:34:00","date_gmt":"2021-08-06T13:34:00","guid":{"rendered":"https:\/\/linitiative.ca\/International\/usma-le-directeur-sportif-antar-yahia-limoge\/"},"modified":"2021-08-06T09:34:00","modified_gmt":"2021-08-06T13:34:00","slug":"usma-le-directeur-sportif-antar-yahia-limoge","status":"publish","type":"post","link":"https:\/\/linitiative.ca\/International\/usma-le-directeur-sportif-antar-yahia-limoge\/","title":{"rendered":"USMA: le directeur sportif Antar Yahia limog\u00e9"},"content":{"rendered":"<div>Il a \u00e9t\u00e9 mis fin aux fonctions du directeur sportif exerc\u00e9es par Antar Yahia \u00e0 compter de ce jour&#8230;<img loading=\"lazy\" decoding=\"async\" src=\"http:\/\/feeds.feedburner.com\/~r\/GalerieFArtciles\/~4\/4sb9zVOCLdo\" height=\"1\" width=\"1\" alt=\"\"><\/div>\n<p>Auteur:<br \/>\n<a href=\"http:\/\/www.lebuteur.com\/article\/detail?titre=usma-le-directeur-sportif-antar-yahia-limoge&#038;id=100776&#038;utm_source=feedburner&#038;utm_medium=feed&#038;utm_campaign=Feed%3A+GalerieFArtciles+%28Les+derniers+articles++-+lebuteur.com%29\">Cliquez ici pour lire l&rsquo;article depuis sa source.<\/a><\/p>\n","protected":false},"excerpt":{"rendered":"<p>Il a \u00e9t\u00e9 mis fin aux fonctions du directeur sportif exerc\u00e9es par Antar Yahia \u00e0 compter de ce jour&#8230; Auteur: Cliquez ici pour lire l&rsquo;article depuis sa source.<\/p>\n","protected":false},"author":1738,"featured_media":0,"comment_status":"closed","ping_status":"closed","sticky":false,"template":"","format":"standard","meta":{"fifu_image_url":"http:\/\/feeds.feedburner.com\/~r\/GalerieFArtciles\/~4\/4sb9zVOCLdo","fifu_image_alt":"USMA: le directeur sportif Antar Yahia limog\u00e9","footnotes":""},"categories":[53,75],"tags":[],"class_list":["post-123452","post","type-post","status-publish","format-standard","hentry","category-algerie","category-sport"],"_links":{"self":[{"href":"https:\/\/linitiative.ca\/International\/wp-json\/wp\/v2\/posts\/123452","targetHints":{"allow":["GET"]}}],"collection":[{"href":"https:\/\/linitiative.ca\/International\/wp-json\/wp\/v2\/posts"}],"about":[{"href":"https:\/\/linitiative.ca\/International\/wp-json\/wp\/v2\/types\/post"}],"author":[{"embeddable":true,"href":"https:\/\/linitiative.ca\/International\/wp-json\/wp\/v2\/users\/1738"}],"replies":[{"embeddable":true,"href":"https:\/\/linitiative.ca\/International\/wp-json\/wp\/v2\/comments?post=123452"}],"version-history":[{"count":0,"href":"https:\/\/linitiative.ca\/International\/wp-json\/wp\/v2\/posts\/123452\/revisions"}],"wp:attachment":[{"href":"https:\/\/linitiative.ca\/International\/wp-json\/wp\/v2\/media?parent=123452"}],"wp:term":[{"taxonomy":"category","embeddable":true,"href":"https:\/\/linitiative.ca\/International\/wp-json\/wp\/v2\/categories?post=123452"},{"taxonomy":"post_tag","embeddable":true,"href":"https:\/\/linitiative.ca\/International\/wp-json\/wp\/v2\/tags?post=123452"}],"curies":[{"name":"wp","href":"https:\/\/api.w.org\/{rel}","templated":true}]}}