{"id":123455,"date":"2021-08-06T05:20:00","date_gmt":"2021-08-06T09:20:00","guid":{"rendered":"https:\/\/linitiative.ca\/International\/adel-kammoun-un-pilier-du-ministere-de-lagriculture-est-decede\/"},"modified":"2021-08-06T05:20:00","modified_gmt":"2021-08-06T09:20:00","slug":"adel-kammoun-un-pilier-du-ministere-de-lagriculture-est-decede","status":"publish","type":"post","link":"https:\/\/linitiative.ca\/International\/adel-kammoun-un-pilier-du-ministere-de-lagriculture-est-decede\/","title":{"rendered":"Adel Kammoun, un pilier du minist\u00e8re de l\u2019Agriculture , est d\u00e9c\u00e9d\u00e9"},"content":{"rendered":"<div><img decoding=\"async\" src=\"https:\/\/linitiative.ca\/International\/wp-content\/uploads\/sites\/23\/2021\/08\/1628238853_article.jpg\" alt=\"Adel Kammoun, l\u2019ancien chef de cabinet du ministre de l\u2019Agriculture Lassaad Ben Osman, est d\u00e9c\u00e9d\u00e9\" align=\"left\">Juriste, \u00e9narque, conseiller des services publics, Adel Kammoun, longtemps chef de cabinet du ministre de l\u2019Agriculture, Lassaad Ben Osman, est d\u00e9c\u00e9d\u00e9 t\u00f4t ce vendredi. Homme de valeurs et de convictions, il a incarn\u00e9 toute sa vie durant le sens de la patrie et le service de l\u2019Etat.<br \/>\nA la sortie de l&rsquo;ENA, fin des ann\u00e9es 1970, Adel Kammoun avait int\u00e9gr\u00e9 le cabinet de Lassaad Ben Osman alors ministre de l&rsquo;Equipement et de l&rsquo;Habitat. Il sera promu chef de cabinet au minist\u00e8re de l&rsquo;Agriculture.\u00a0Sp\u00e9cilaiste de droit foncier, Adel Kammoun sera nomm\u00e9 directeur g\u00e9n\u00e9ral des affaires fonci\u00e8res, jusqu&rsquo;\u00e0 son d\u00e9part \u00e0 la retraite.<br \/>\n\u00a0<\/p>\n<\/div>\n<p>Auteur:<br \/>\n<a href=\"https:\/\/www.leaders.com.tn\/article\/32252-adel-kammoun-l-ancien-chef-de-cabinet-du-ministre-de-l-agriculture-lassaad-ben-osman-est-decede\">Cliquez ici pour lire l&rsquo;article depuis sa source.<\/a><\/p>\n","protected":false},"excerpt":{"rendered":"<p>Juriste, \u00e9narque, conseiller des services publics, Adel Kammoun, longtemps chef de cabinet du ministre de l\u2019Agriculture, Lassaad Ben Osman, est d\u00e9c\u00e9d\u00e9 t\u00f4t ce vendredi. Homme de valeurs et de convictions, il a incarn\u00e9 toute sa vie durant le sens de la patrie et le service de l\u2019Etat. A la sortie de l&rsquo;ENA, fin des ann\u00e9es [&hellip;]<\/p>\n","protected":false},"author":1772,"featured_media":0,"comment_status":"closed","ping_status":"closed","sticky":false,"template":"","format":"standard","meta":{"fifu_image_url":"http:\/\/www.leaders.com.tn\/uploads\/content\/thumbnails_small\/1628238853_article.jpg","fifu_image_alt":"Adel Kammoun, un pilier du minist\u00e8re de l\u2019Agriculture , est d\u00e9c\u00e9d\u00e9","footnotes":""},"categories":[73,55],"tags":[],"class_list":["post-123455","post","type-post","status-publish","format-standard","hentry","category-actualite","category-tunisie"],"_links":{"self":[{"href":"https:\/\/linitiative.ca\/International\/wp-json\/wp\/v2\/posts\/123455","targetHints":{"allow":["GET"]}}],"collection":[{"href":"https:\/\/linitiative.ca\/International\/wp-json\/wp\/v2\/posts"}],"about":[{"href":"https:\/\/linitiative.ca\/International\/wp-json\/wp\/v2\/types\/post"}],"author":[{"embeddable":true,"href":"https:\/\/linitiative.ca\/International\/wp-json\/wp\/v2\/users\/1772"}],"replies":[{"embeddable":true,"href":"https:\/\/linitiative.ca\/International\/wp-json\/wp\/v2\/comments?post=123455"}],"version-history":[{"count":0,"href":"https:\/\/linitiative.ca\/International\/wp-json\/wp\/v2\/posts\/123455\/revisions"}],"wp:attachment":[{"href":"https:\/\/linitiative.ca\/International\/wp-json\/wp\/v2\/media?parent=123455"}],"wp:term":[{"taxonomy":"category","embeddable":true,"href":"https:\/\/linitiative.ca\/International\/wp-json\/wp\/v2\/categories?post=123455"},{"taxonomy":"post_tag","embeddable":true,"href":"https:\/\/linitiative.ca\/International\/wp-json\/wp\/v2\/tags?post=123455"}],"curies":[{"name":"wp","href":"https:\/\/api.w.org\/{rel}","templated":true}]}}