{"id":123457,"date":"2021-08-06T05:40:00","date_gmt":"2021-08-06T09:40:00","guid":{"rendered":"https:\/\/linitiative.ca\/International\/nul-besoin-de-retourner-votre-veste-la-veste-retournee-est-deja-disponible\/"},"modified":"2021-08-06T05:40:00","modified_gmt":"2021-08-06T09:40:00","slug":"nul-besoin-de-retourner-votre-veste-la-veste-retournee-est-deja-disponible","status":"publish","type":"post","link":"https:\/\/linitiative.ca\/International\/nul-besoin-de-retourner-votre-veste-la-veste-retournee-est-deja-disponible\/","title":{"rendered":"Nul besoin de retourner votre veste, la veste retourn\u00e9e est d\u00e9j\u00e0 disponible !"},"content":{"rendered":"<div><img decoding=\"async\" src=\"https:\/\/linitiative.ca\/International\/wp-content\/uploads\/sites\/23\/2021\/08\/1628239839_article.jpg\" alt=\"Plus besoin de retourner votre veste, la veste retourn\u00e9e est d\u00e9j\u00e0 disponible ! \" align=\"left\">Par Arsel\u00e8ne Ben Farhat &#8211; La mode doit s\u2019adapter au contexte o\u00f9 elle apparait et doit \u00eatre toujours en avance sur les tendances \u00e0 venir. Les cr\u00e9ateurs, les mod\u00e9listes et les stylistes des partis politiques r\u00e9unis en urgence au lendemain des d\u00e9cisions du 25 juillet 2021 ont r\u00e9ussi \u00e0 inventer les mod\u00e8les de 2021-2022 en s\u2019\u00e9loignant des carcans normatifs traditionnels et en tenant compte des nouvelles conceptions de la vie et de la politique. Leur joyau, c\u2019est une nouvelle veste retourn\u00e9e : elle porte deux ou plusieurs couleurs qui s\u2019opposent mais qui peuvent \u00eatre chaque fois conformes \u00e0 la tendance du jour.<br \/>\nEn effet, selon les id\u00e9ologues des partis, le plus rus\u00e9 &#8230;<\/p>\n<\/div>\n<p>Auteur:<br \/>\n<a href=\"https:\/\/www.leaders.com.tn\/article\/32253-plus-besoin-de-retourner-votre-veste-la-veste-retournee-est-deja-disponible\">Cliquez ici pour lire l&rsquo;article depuis sa source.<\/a><\/p>\n","protected":false},"excerpt":{"rendered":"<p>Par Arsel\u00e8ne Ben Farhat &#8211; La mode doit s\u2019adapter au contexte o\u00f9 elle apparait et doit \u00eatre toujours en avance sur les tendances \u00e0 venir. Les cr\u00e9ateurs, les mod\u00e9listes et les stylistes des partis politiques r\u00e9unis en urgence au lendemain des d\u00e9cisions du 25 juillet 2021 ont r\u00e9ussi \u00e0 inventer les mod\u00e8les de 2021-2022 en [&hellip;]<\/p>\n","protected":false},"author":1772,"featured_media":0,"comment_status":"closed","ping_status":"closed","sticky":false,"template":"","format":"standard","meta":{"fifu_image_url":"http:\/\/www.leaders.com.tn\/uploads\/content\/thumbnails_small\/1628239839_article.jpg","fifu_image_alt":"Nul besoin de retourner votre veste, la veste retourn\u00e9e est d\u00e9j\u00e0 disponible !","footnotes":""},"categories":[73,55],"tags":[],"class_list":["post-123457","post","type-post","status-publish","format-standard","hentry","category-actualite","category-tunisie"],"_links":{"self":[{"href":"https:\/\/linitiative.ca\/International\/wp-json\/wp\/v2\/posts\/123457","targetHints":{"allow":["GET"]}}],"collection":[{"href":"https:\/\/linitiative.ca\/International\/wp-json\/wp\/v2\/posts"}],"about":[{"href":"https:\/\/linitiative.ca\/International\/wp-json\/wp\/v2\/types\/post"}],"author":[{"embeddable":true,"href":"https:\/\/linitiative.ca\/International\/wp-json\/wp\/v2\/users\/1772"}],"replies":[{"embeddable":true,"href":"https:\/\/linitiative.ca\/International\/wp-json\/wp\/v2\/comments?post=123457"}],"version-history":[{"count":0,"href":"https:\/\/linitiative.ca\/International\/wp-json\/wp\/v2\/posts\/123457\/revisions"}],"wp:attachment":[{"href":"https:\/\/linitiative.ca\/International\/wp-json\/wp\/v2\/media?parent=123457"}],"wp:term":[{"taxonomy":"category","embeddable":true,"href":"https:\/\/linitiative.ca\/International\/wp-json\/wp\/v2\/categories?post=123457"},{"taxonomy":"post_tag","embeddable":true,"href":"https:\/\/linitiative.ca\/International\/wp-json\/wp\/v2\/tags?post=123457"}],"curies":[{"name":"wp","href":"https:\/\/api.w.org\/{rel}","templated":true}]}}