{"id":123461,"date":"2021-08-06T04:50:44","date_gmt":"2021-08-06T08:50:44","guid":{"rendered":"https:\/\/linitiative.ca\/International\/plan-maroc-vert-lheure-est-au-bilan-document\/"},"modified":"2021-08-06T04:50:44","modified_gmt":"2021-08-06T08:50:44","slug":"plan-maroc-vert-lheure-est-au-bilan-document","status":"publish","type":"post","link":"https:\/\/linitiative.ca\/International\/plan-maroc-vert-lheure-est-au-bilan-document\/","title":{"rendered":"Plan Maroc Vert. L\u2019heure est au bilan [Document]"},"content":{"rendered":"<div><img decoding=\"async\" width=\"750\" height=\"346\" src=\"https:\/\/linitiative.ca\/International\/wp-content\/uploads\/sites\/23\/2021\/08\/plan-maroc-vert-750x346-1.png\" class=\"attachment-post-thumbnail size-post-thumbnail wp-post-image\" alt=\"\" loading=\"lazy\" srcset=\"https:\/\/linitiative.ca\/International\/wp-content\/uploads\/sites\/23\/2021\/08\/plan-maroc-vert-750x346-1.png 750w, https:\/\/www.challenge.ma\/wp-content\/uploads\/2021\/08\/plan-maroc-vert-750x346-1-300x138.png 300w, https:\/\/www.challenge.ma\/wp-content\/uploads\/2021\/08\/plan-maroc-vert-750x346-1-360x166.png 360w\" sizes=\"auto, (max-width: 750px) 100vw, 750px\" itemprop=\"image\">Le Minist\u00e8re de l\u2019Agriculture, de la P\u00eache Maritime, du D\u00e9veloppement Rural et des Eaux et For\u00eats vient fra\u00eechement de publier un livre sur le bilan du Plan Maroc Vert sous le titre \u00abLe Plan Maroc Vert\u00a0: Bilan et impacts 2008-2018\u00bb. Une publication qui d\u00e9voile les r\u00e9alisations et les chiffres cl\u00e9s<\/div>\n<p>Auteur: challenge<br \/>\n<a href=\"https:\/\/www.challenge.ma\/plan-maroc-vert-lheure-est-au-bilan-document-195104\/\">Cliquez ici pour lire l&rsquo;article depuis sa source.<\/a><\/p>\n","protected":false},"excerpt":{"rendered":"<p>Le Minist\u00e8re de l\u2019Agriculture, de la P\u00eache Maritime, du D\u00e9veloppement Rural et des Eaux et For\u00eats vient fra\u00eechement de publier un livre sur le bilan du Plan Maroc Vert sous le titre \u00abLe Plan Maroc Vert\u00a0: Bilan et impacts 2008-2018\u00bb. Une publication qui d\u00e9voile les r\u00e9alisations et les chiffres cl\u00e9s Auteur: challenge Cliquez ici pour [&hellip;]<\/p>\n","protected":false},"author":1787,"featured_media":0,"comment_status":"closed","ping_status":"closed","sticky":false,"template":"","format":"standard","meta":{"fifu_image_url":"https:\/\/www.challenge.ma\/wp-content\/uploads\/2021\/08\/plan-maroc-vert-750x346-1.png","fifu_image_alt":"Plan Maroc Vert. L\u2019heure est au bilan [Document]","footnotes":""},"categories":[78,54],"tags":[],"class_list":["post-123461","post","type-post","status-publish","format-standard","hentry","category-economie","category-maroc"],"_links":{"self":[{"href":"https:\/\/linitiative.ca\/International\/wp-json\/wp\/v2\/posts\/123461","targetHints":{"allow":["GET"]}}],"collection":[{"href":"https:\/\/linitiative.ca\/International\/wp-json\/wp\/v2\/posts"}],"about":[{"href":"https:\/\/linitiative.ca\/International\/wp-json\/wp\/v2\/types\/post"}],"author":[{"embeddable":true,"href":"https:\/\/linitiative.ca\/International\/wp-json\/wp\/v2\/users\/1787"}],"replies":[{"embeddable":true,"href":"https:\/\/linitiative.ca\/International\/wp-json\/wp\/v2\/comments?post=123461"}],"version-history":[{"count":0,"href":"https:\/\/linitiative.ca\/International\/wp-json\/wp\/v2\/posts\/123461\/revisions"}],"wp:attachment":[{"href":"https:\/\/linitiative.ca\/International\/wp-json\/wp\/v2\/media?parent=123461"}],"wp:term":[{"taxonomy":"category","embeddable":true,"href":"https:\/\/linitiative.ca\/International\/wp-json\/wp\/v2\/categories?post=123461"},{"taxonomy":"post_tag","embeddable":true,"href":"https:\/\/linitiative.ca\/International\/wp-json\/wp\/v2\/tags?post=123461"}],"curies":[{"name":"wp","href":"https:\/\/api.w.org\/{rel}","templated":true}]}}