{"id":123463,"date":"2021-08-06T05:24:43","date_gmt":"2021-08-06T09:24:43","guid":{"rendered":"https:\/\/linitiative.ca\/International\/vaccination-le-maroc-en-tete-des-pays-africains\/"},"modified":"2021-08-06T05:24:43","modified_gmt":"2021-08-06T09:24:43","slug":"vaccination-le-maroc-en-tete-des-pays-africains","status":"publish","type":"post","link":"https:\/\/linitiative.ca\/International\/vaccination-le-maroc-en-tete-des-pays-africains\/","title":{"rendered":"Vaccination. Le Maroc en t\u00eate des pays africains"},"content":{"rendered":"<div><img decoding=\"async\" width=\"850\" height=\"535\" src=\"https:\/\/linitiative.ca\/International\/wp-content\/uploads\/sites\/23\/2021\/08\/vaccination-maroc-3-1.jpg\" class=\"attachment-post-thumbnail size-post-thumbnail wp-post-image\" alt=\"\" loading=\"lazy\" srcset=\"https:\/\/linitiative.ca\/International\/wp-content\/uploads\/sites\/23\/2021\/08\/vaccination-maroc-3-1.jpg 850w, https:\/\/www.challenge.ma\/wp-content\/uploads\/2021\/08\/vaccination-maroc-3-1-300x189.jpg 300w, https:\/\/www.challenge.ma\/wp-content\/uploads\/2021\/08\/vaccination-maroc-3-1-768x483.jpg 768w, https:\/\/www.challenge.ma\/wp-content\/uploads\/2021\/08\/vaccination-maroc-3-1-360x227.jpg 360w, https:\/\/www.challenge.ma\/wp-content\/uploads\/2021\/08\/vaccination-maroc-3-1-750x472.jpg 750w\" sizes=\"auto, (max-width: 850px) 100vw, 850px\" itemprop=\"image\">Le Maroc est en t\u00eate des pays africains ayant administr\u00e9 le plus de doses de vaccins anti-Covid-19 \u00e0 leurs populations, c\u2019est ce que vient d\u2019indiquer le Centre africain de contr\u00f4le et de pr\u00e9vention des maladies (CDC Afrique). Selon le CDC Afrique qui rel\u00e8ve de l\u2019Union africaine, 70,6 millions des 103<\/div>\n<p>Auteur: challenge<br \/>\n<a href=\"https:\/\/www.challenge.ma\/vaccination-le-maroc-en-tete-des-pays-africains-195122\/\">Cliquez ici pour lire l&rsquo;article depuis sa source.<\/a><\/p>\n","protected":false},"excerpt":{"rendered":"<p>Le Maroc est en t\u00eate des pays africains ayant administr\u00e9 le plus de doses de vaccins anti-Covid-19 \u00e0 leurs populations, c\u2019est ce que vient d\u2019indiquer le Centre africain de contr\u00f4le et de pr\u00e9vention des maladies (CDC Afrique). Selon le CDC Afrique qui rel\u00e8ve de l\u2019Union africaine, 70,6 millions des 103 Auteur: challenge Cliquez ici pour [&hellip;]<\/p>\n","protected":false},"author":1787,"featured_media":0,"comment_status":"closed","ping_status":"closed","sticky":false,"template":"","format":"standard","meta":{"fifu_image_url":"https:\/\/www.challenge.ma\/wp-content\/uploads\/2021\/08\/vaccination-maroc-3-1.jpg","fifu_image_alt":"Vaccination. Le Maroc en t\u00eate des pays africains","footnotes":""},"categories":[78,54],"tags":[],"class_list":["post-123463","post","type-post","status-publish","format-standard","hentry","category-economie","category-maroc"],"_links":{"self":[{"href":"https:\/\/linitiative.ca\/International\/wp-json\/wp\/v2\/posts\/123463","targetHints":{"allow":["GET"]}}],"collection":[{"href":"https:\/\/linitiative.ca\/International\/wp-json\/wp\/v2\/posts"}],"about":[{"href":"https:\/\/linitiative.ca\/International\/wp-json\/wp\/v2\/types\/post"}],"author":[{"embeddable":true,"href":"https:\/\/linitiative.ca\/International\/wp-json\/wp\/v2\/users\/1787"}],"replies":[{"embeddable":true,"href":"https:\/\/linitiative.ca\/International\/wp-json\/wp\/v2\/comments?post=123463"}],"version-history":[{"count":0,"href":"https:\/\/linitiative.ca\/International\/wp-json\/wp\/v2\/posts\/123463\/revisions"}],"wp:attachment":[{"href":"https:\/\/linitiative.ca\/International\/wp-json\/wp\/v2\/media?parent=123463"}],"wp:term":[{"taxonomy":"category","embeddable":true,"href":"https:\/\/linitiative.ca\/International\/wp-json\/wp\/v2\/categories?post=123463"},{"taxonomy":"post_tag","embeddable":true,"href":"https:\/\/linitiative.ca\/International\/wp-json\/wp\/v2\/tags?post=123463"}],"curies":[{"name":"wp","href":"https:\/\/api.w.org\/{rel}","templated":true}]}}