{"id":123465,"date":"2021-08-06T08:36:01","date_gmt":"2021-08-06T12:36:01","guid":{"rendered":"https:\/\/linitiative.ca\/International\/maghreb-un-reve-toujours-realisable\/"},"modified":"2021-08-06T08:36:01","modified_gmt":"2021-08-06T12:36:01","slug":"maghreb-un-reve-toujours-realisable","status":"publish","type":"post","link":"https:\/\/linitiative.ca\/International\/maghreb-un-reve-toujours-realisable\/","title":{"rendered":"Maghreb. Un r\u00eave toujours r\u00e9alisable"},"content":{"rendered":"<div><img decoding=\"async\" width=\"900\" height=\"600\" src=\"https:\/\/linitiative.ca\/International\/wp-content\/uploads\/sites\/23\/2021\/08\/UMA-2.jpg\" class=\"attachment-post-thumbnail size-post-thumbnail wp-post-image\" alt=\"\" loading=\"lazy\" srcset=\"https:\/\/linitiative.ca\/International\/wp-content\/uploads\/sites\/23\/2021\/08\/UMA-2.jpg 900w, https:\/\/www.challenge.ma\/wp-content\/uploads\/2021\/08\/UMA-2-300x200.jpg 300w, https:\/\/www.challenge.ma\/wp-content\/uploads\/2021\/08\/UMA-2-768x512.jpg 768w, https:\/\/www.challenge.ma\/wp-content\/uploads\/2021\/08\/UMA-2-360x240.jpg 360w, https:\/\/www.challenge.ma\/wp-content\/uploads\/2021\/08\/UMA-2-750x500.jpg 750w\" sizes=\"auto, (max-width: 900px) 100vw, 900px\" itemprop=\"image\">Le r\u00eave maghr\u00e9bin est ind\u00e9racinable. Il puise sa force dans la profondeur de la m\u00e9moire collective et dans la r\u00e9alit\u00e9 \u00e9conomique actuelle. C\u2019est aussi un choix politique incontournable, car n\u00e9cessaire. Nombreux sont les facteurs qui rapprochent. Et pourtant cette \u00ab\u00e9pine\u00bb qu\u2019est le \u00abSahara Occidental\u00bb, h\u00e9ritage colonial, n\u2019a fait que du<\/div>\n<p>Auteur: Mohamed Amine<br \/>\n<a href=\"https:\/\/www.challenge.ma\/maghreb-un-reve-toujours-realisable-195141\/\">Cliquez ici pour lire l&rsquo;article depuis sa source.<\/a><\/p>\n","protected":false},"excerpt":{"rendered":"<p>Le r\u00eave maghr\u00e9bin est ind\u00e9racinable. Il puise sa force dans la profondeur de la m\u00e9moire collective et dans la r\u00e9alit\u00e9 \u00e9conomique actuelle. C\u2019est aussi un choix politique incontournable, car n\u00e9cessaire. Nombreux sont les facteurs qui rapprochent. Et pourtant cette \u00ab\u00e9pine\u00bb qu\u2019est le \u00abSahara Occidental\u00bb, h\u00e9ritage colonial, n\u2019a fait que du Auteur: Mohamed Amine Cliquez ici [&hellip;]<\/p>\n","protected":false},"author":1787,"featured_media":0,"comment_status":"closed","ping_status":"closed","sticky":false,"template":"","format":"standard","meta":{"fifu_image_url":"https:\/\/www.challenge.ma\/wp-content\/uploads\/2021\/08\/UMA-2.jpg","fifu_image_alt":"Maghreb. Un r\u00eave toujours r\u00e9alisable","footnotes":""},"categories":[78,54],"tags":[],"class_list":["post-123465","post","type-post","status-publish","format-standard","hentry","category-economie","category-maroc"],"_links":{"self":[{"href":"https:\/\/linitiative.ca\/International\/wp-json\/wp\/v2\/posts\/123465","targetHints":{"allow":["GET"]}}],"collection":[{"href":"https:\/\/linitiative.ca\/International\/wp-json\/wp\/v2\/posts"}],"about":[{"href":"https:\/\/linitiative.ca\/International\/wp-json\/wp\/v2\/types\/post"}],"author":[{"embeddable":true,"href":"https:\/\/linitiative.ca\/International\/wp-json\/wp\/v2\/users\/1787"}],"replies":[{"embeddable":true,"href":"https:\/\/linitiative.ca\/International\/wp-json\/wp\/v2\/comments?post=123465"}],"version-history":[{"count":0,"href":"https:\/\/linitiative.ca\/International\/wp-json\/wp\/v2\/posts\/123465\/revisions"}],"wp:attachment":[{"href":"https:\/\/linitiative.ca\/International\/wp-json\/wp\/v2\/media?parent=123465"}],"wp:term":[{"taxonomy":"category","embeddable":true,"href":"https:\/\/linitiative.ca\/International\/wp-json\/wp\/v2\/categories?post=123465"},{"taxonomy":"post_tag","embeddable":true,"href":"https:\/\/linitiative.ca\/International\/wp-json\/wp\/v2\/tags?post=123465"}],"curies":[{"name":"wp","href":"https:\/\/api.w.org\/{rel}","templated":true}]}}