{"id":123470,"date":"2021-08-06T14:51:48","date_gmt":"2021-08-06T18:51:48","guid":{"rendered":"https:\/\/linitiative.ca\/International\/tunisie-ennahdha-depose-une-plainte-au-nom-danouer-maarouf-pour-cette-raison\/"},"modified":"2021-08-06T14:51:48","modified_gmt":"2021-08-06T18:51:48","slug":"tunisie-ennahdha-depose-une-plainte-au-nom-danouer-maarouf-pour-cette-raison","status":"publish","type":"post","link":"https:\/\/linitiative.ca\/International\/tunisie-ennahdha-depose-une-plainte-au-nom-danouer-maarouf-pour-cette-raison\/","title":{"rendered":"Tunisie : Ennahdha d\u00e9pose une plainte au nom d\u2019Anouer Maarouf pour cette raison"},"content":{"rendered":"<div>\n<p>Le Mouvement Ennahdha a annonc\u00e9 dans un communiqu\u00e9 rendu public le 06 ao\u00fbt 2021, avoir d\u00e9pos\u00e9 une plainte au nom d\u2019Anouer Maarouf, contre le charg\u00e9 de la gestion du minist\u00e8re de l\u2019Int\u00e9rieur pour d\u00e9tention d\u2019une personne sans motif l\u00e9gal. Le parti islamiste a \u00e9galement indiqu\u00e9 le d\u00e9p\u00f4t d\u2019actions judiciaires pr\u00e8s le Tribunal Administratif au d\u00e9but [\u2026]<\/p>\n<p>L\u2019article <a href=\"https:\/\/www.tunisienumerique.com\/tunisie-ennahdha-depose-une-plainte-au-nom-danouer-maarouf-pour-cette-raison\/\">Tunisie : Ennahdha d\u00e9pose une plainte au nom d\u2019Anouer Maarouf pour cette raison<\/a> est apparu en premier sur <a href=\"http:\/\/www.tunisienumerique.com\/\">Tunisie<\/a>.<\/p>\n<\/div>\n<p>Auteur: rania ben slimane<br \/>\n<a href=\"https:\/\/www.tunisienumerique.com\/tunisie-ennahdha-depose-une-plainte-au-nom-danouer-maarouf-pour-cette-raison\/\">Cliquez ici pour lire l&rsquo;article depuis sa source.<\/a><\/p>\n","protected":false},"excerpt":{"rendered":"<p>Le Mouvement Ennahdha a annonc\u00e9 dans un communiqu\u00e9 rendu public le 06 ao\u00fbt 2021, avoir d\u00e9pos\u00e9 une plainte au nom d\u2019Anouer Maarouf, contre le charg\u00e9 de la gestion du minist\u00e8re de l\u2019Int\u00e9rieur pour d\u00e9tention d\u2019une personne sans motif l\u00e9gal. Le parti islamiste a \u00e9galement indiqu\u00e9 le d\u00e9p\u00f4t d\u2019actions judiciaires pr\u00e8s le Tribunal Administratif au d\u00e9but [&hellip;]<\/p>\n","protected":false},"author":1789,"featured_media":0,"comment_status":"closed","ping_status":"closed","sticky":false,"template":"","format":"standard","meta":{"fifu_image_url":"","fifu_image_alt":"","footnotes":""},"categories":[73,55],"tags":[],"class_list":["post-123470","post","type-post","status-publish","format-standard","hentry","category-actualite","category-tunisie"],"_links":{"self":[{"href":"https:\/\/linitiative.ca\/International\/wp-json\/wp\/v2\/posts\/123470","targetHints":{"allow":["GET"]}}],"collection":[{"href":"https:\/\/linitiative.ca\/International\/wp-json\/wp\/v2\/posts"}],"about":[{"href":"https:\/\/linitiative.ca\/International\/wp-json\/wp\/v2\/types\/post"}],"author":[{"embeddable":true,"href":"https:\/\/linitiative.ca\/International\/wp-json\/wp\/v2\/users\/1789"}],"replies":[{"embeddable":true,"href":"https:\/\/linitiative.ca\/International\/wp-json\/wp\/v2\/comments?post=123470"}],"version-history":[{"count":0,"href":"https:\/\/linitiative.ca\/International\/wp-json\/wp\/v2\/posts\/123470\/revisions"}],"wp:attachment":[{"href":"https:\/\/linitiative.ca\/International\/wp-json\/wp\/v2\/media?parent=123470"}],"wp:term":[{"taxonomy":"category","embeddable":true,"href":"https:\/\/linitiative.ca\/International\/wp-json\/wp\/v2\/categories?post=123470"},{"taxonomy":"post_tag","embeddable":true,"href":"https:\/\/linitiative.ca\/International\/wp-json\/wp\/v2\/tags?post=123470"}],"curies":[{"name":"wp","href":"https:\/\/api.w.org\/{rel}","templated":true}]}}