{"id":123471,"date":"2021-08-06T15:05:34","date_gmt":"2021-08-06T19:05:34","guid":{"rendered":"https:\/\/linitiative.ca\/International\/tunisie-vaccination-dans-les-pharmacies-a-partir-de-cette-date\/"},"modified":"2021-08-06T15:05:34","modified_gmt":"2021-08-06T19:05:34","slug":"tunisie-vaccination-dans-les-pharmacies-a-partir-de-cette-date","status":"publish","type":"post","link":"https:\/\/linitiative.ca\/International\/tunisie-vaccination-dans-les-pharmacies-a-partir-de-cette-date\/","title":{"rendered":"Tunisie : Vaccination dans les pharmacies \u00e0 partir de cette date"},"content":{"rendered":"<div>\n<p>Le chef du Syndicat des Pharmacies Priv\u00e9es, Naoufel Amira, a d\u00e9clar\u00e9 le 06 ao\u00fbt 2021, que le minist\u00e8re de la Sant\u00e9 ajoutera une rubrique \u00e0 la plateforme Evax, sous le titre \u00ab Evax pharmacie \u00bb au profit des citoyens souhaitant se faire vacciner dans les pharmacies priv\u00e9es. Il a ajout\u00e9, dans une d\u00e9claration accord\u00e9e aujourd\u2019hui [\u2026]<\/p>\n<p>L\u2019article <a href=\"https:\/\/www.tunisienumerique.com\/tunisie-vaccination-dans-les-pharmacies-a-partir-de-cette-date\/\">Tunisie : Vaccination dans les pharmacies \u00e0 partir de cette date<\/a> est apparu en premier sur <a href=\"http:\/\/www.tunisienumerique.com\/\">Tunisie<\/a>.<\/p>\n<\/div>\n<p>Auteur: rania ben slimane<br \/>\n<a href=\"https:\/\/www.tunisienumerique.com\/tunisie-vaccination-dans-les-pharmacies-a-partir-de-cette-date\/\">Cliquez ici pour lire l&rsquo;article depuis sa source.<\/a><\/p>\n","protected":false},"excerpt":{"rendered":"<p>Le chef du Syndicat des Pharmacies Priv\u00e9es, Naoufel Amira, a d\u00e9clar\u00e9 le 06 ao\u00fbt 2021, que le minist\u00e8re de la Sant\u00e9 ajoutera une rubrique \u00e0 la plateforme Evax, sous le titre \u00ab Evax pharmacie \u00bb au profit des citoyens souhaitant se faire vacciner dans les pharmacies priv\u00e9es. Il a ajout\u00e9, dans une d\u00e9claration accord\u00e9e aujourd\u2019hui [&hellip;]<\/p>\n","protected":false},"author":1789,"featured_media":0,"comment_status":"closed","ping_status":"closed","sticky":false,"template":"","format":"standard","meta":{"fifu_image_url":"","fifu_image_alt":"","footnotes":""},"categories":[73,55],"tags":[],"class_list":["post-123471","post","type-post","status-publish","format-standard","hentry","category-actualite","category-tunisie"],"_links":{"self":[{"href":"https:\/\/linitiative.ca\/International\/wp-json\/wp\/v2\/posts\/123471","targetHints":{"allow":["GET"]}}],"collection":[{"href":"https:\/\/linitiative.ca\/International\/wp-json\/wp\/v2\/posts"}],"about":[{"href":"https:\/\/linitiative.ca\/International\/wp-json\/wp\/v2\/types\/post"}],"author":[{"embeddable":true,"href":"https:\/\/linitiative.ca\/International\/wp-json\/wp\/v2\/users\/1789"}],"replies":[{"embeddable":true,"href":"https:\/\/linitiative.ca\/International\/wp-json\/wp\/v2\/comments?post=123471"}],"version-history":[{"count":0,"href":"https:\/\/linitiative.ca\/International\/wp-json\/wp\/v2\/posts\/123471\/revisions"}],"wp:attachment":[{"href":"https:\/\/linitiative.ca\/International\/wp-json\/wp\/v2\/media?parent=123471"}],"wp:term":[{"taxonomy":"category","embeddable":true,"href":"https:\/\/linitiative.ca\/International\/wp-json\/wp\/v2\/categories?post=123471"},{"taxonomy":"post_tag","embeddable":true,"href":"https:\/\/linitiative.ca\/International\/wp-json\/wp\/v2\/tags?post=123471"}],"curies":[{"name":"wp","href":"https:\/\/api.w.org\/{rel}","templated":true}]}}