{"id":123472,"date":"2021-08-06T15:27:48","date_gmt":"2021-08-06T19:27:48","guid":{"rendered":"https:\/\/linitiative.ca\/International\/premiere-journee-de-vaccination-recommandations-du-ministere-de-la-sante\/"},"modified":"2021-08-06T15:27:48","modified_gmt":"2021-08-06T19:27:48","slug":"premiere-journee-de-vaccination-recommandations-du-ministere-de-la-sante","status":"publish","type":"post","link":"https:\/\/linitiative.ca\/International\/premiere-journee-de-vaccination-recommandations-du-ministere-de-la-sante\/","title":{"rendered":"Premi\u00e8re journ\u00e9e de vaccination : Recommandations du minist\u00e8re de la Sant\u00e9"},"content":{"rendered":"<div>\n<p>Le minist\u00e8re de la Sant\u00e9 a annonc\u00e9 dans un communiqu\u00e9 rendu public le 06 ao\u00fbt 2021, que la journ\u00e9e nationale de la vaccination intensive contre le Coronavirus est pr\u00e9vue ce dimanche, 08 ao\u00fbt 2021 de 07H00 \u00e0 19H00. A ce titre, il a soulign\u00e9 la convergence des efforts des minist\u00e8res, des institutions \u00e9tatiques, des \u00e9tablissements [\u2026]<\/p>\n<p>L\u2019article <a href=\"https:\/\/www.tunisienumerique.com\/premiere-journee-de-vaccination-recommandations-du-ministere-de-la-sante\/\">Premi\u00e8re journ\u00e9e de vaccination : Recommandations du minist\u00e8re de la Sant\u00e9<\/a> est apparu en premier sur <a href=\"http:\/\/www.tunisienumerique.com\/\">Tunisie<\/a>.<\/p>\n<\/div>\n<p>Auteur: rania ben slimane<br \/>\n<a href=\"https:\/\/www.tunisienumerique.com\/premiere-journee-de-vaccination-recommandations-du-ministere-de-la-sante\/\">Cliquez ici pour lire l&rsquo;article depuis sa source.<\/a><\/p>\n","protected":false},"excerpt":{"rendered":"<p>Le minist\u00e8re de la Sant\u00e9 a annonc\u00e9 dans un communiqu\u00e9 rendu public le 06 ao\u00fbt 2021, que la journ\u00e9e nationale de la vaccination intensive contre le Coronavirus est pr\u00e9vue ce dimanche, 08 ao\u00fbt 2021 de 07H00 \u00e0 19H00. A ce titre, il a soulign\u00e9 la convergence des efforts des minist\u00e8res, des institutions \u00e9tatiques, des \u00e9tablissements [&hellip;]<\/p>\n","protected":false},"author":1789,"featured_media":0,"comment_status":"closed","ping_status":"closed","sticky":false,"template":"","format":"standard","meta":{"fifu_image_url":"","fifu_image_alt":"","footnotes":""},"categories":[73,55],"tags":[],"class_list":["post-123472","post","type-post","status-publish","format-standard","hentry","category-actualite","category-tunisie"],"_links":{"self":[{"href":"https:\/\/linitiative.ca\/International\/wp-json\/wp\/v2\/posts\/123472","targetHints":{"allow":["GET"]}}],"collection":[{"href":"https:\/\/linitiative.ca\/International\/wp-json\/wp\/v2\/posts"}],"about":[{"href":"https:\/\/linitiative.ca\/International\/wp-json\/wp\/v2\/types\/post"}],"author":[{"embeddable":true,"href":"https:\/\/linitiative.ca\/International\/wp-json\/wp\/v2\/users\/1789"}],"replies":[{"embeddable":true,"href":"https:\/\/linitiative.ca\/International\/wp-json\/wp\/v2\/comments?post=123472"}],"version-history":[{"count":0,"href":"https:\/\/linitiative.ca\/International\/wp-json\/wp\/v2\/posts\/123472\/revisions"}],"wp:attachment":[{"href":"https:\/\/linitiative.ca\/International\/wp-json\/wp\/v2\/media?parent=123472"}],"wp:term":[{"taxonomy":"category","embeddable":true,"href":"https:\/\/linitiative.ca\/International\/wp-json\/wp\/v2\/categories?post=123472"},{"taxonomy":"post_tag","embeddable":true,"href":"https:\/\/linitiative.ca\/International\/wp-json\/wp\/v2\/tags?post=123472"}],"curies":[{"name":"wp","href":"https:\/\/api.w.org\/{rel}","templated":true}]}}