{"id":123474,"date":"2021-08-06T07:33:39","date_gmt":"2021-08-06T11:33:39","guid":{"rendered":"https:\/\/linitiative.ca\/International\/drame-dans-loudalan-le-mpp-appelle-a-la-resistance\/"},"modified":"2021-08-06T07:33:39","modified_gmt":"2021-08-06T11:33:39","slug":"drame-dans-loudalan-le-mpp-appelle-a-la-resistance","status":"publish","type":"post","link":"https:\/\/linitiative.ca\/International\/drame-dans-loudalan-le-mpp-appelle-a-la-resistance\/","title":{"rendered":"Drame dans l\u2019Oudalan: Le MPP appelle\u00a0\u00e0 la r\u00e9sistance"},"content":{"rendered":"<div>\n<p><strong>Dans une d\u00e9claration le MPP appelle \u00e0 l\u2019union sacr\u00e9e et \u00e0 la r\u00e9sistance des forces vives du Burkina Faso.<\/strong><\/p>\n<p>Le drame survenu dans l\u2019OUDALAN le 04 ao\u00fbt 2021, au cours duquel des soldats, VDP et populations civiles sans d\u00e9fense ont perdu la vie, interpelle une fois de plus sur la n\u00e9cessit\u00e9 imp\u00e9rieuse pour tous les Burkinab\u00e8 de faire corps avec les FDS, les VDP et l\u2019ex\u00e9cutif national dans la lutte contre l\u2019extr\u00e9misme violent. Le combat contre le terrorisme n\u2019est pas une sin\u00e9cure. Il doit plus que jamais se mener avec d\u00e9termination et sans rel\u00e2che. Chaque attaque contre notre peuple et son arm\u00e9e signifie tout simplement que l\u2019ennemi cherche \u00e0 rendre coup pour coup.<\/p>\n<p>Le Mouvement du Peuple pour le Progr\u00e8s (MPP), compatissant \u00e0 la peine et \u00e0 la douleur des proches des victimes de cette derni\u00e8re attaque, r\u00e9affirme sa solidarit\u00e9 avec toutes les forces combattantes pour la libert\u00e9, l\u2019unit\u00e9 nationale et la coh\u00e9sion sociale. Il r\u00e9it\u00e8re son ferme soutien au Pr\u00e9sident du Faso, chef supr\u00eame des Arm\u00e9es et au Gouvernement. Le MPP appelle toutes les forces vives \u00e0 la n\u00e9cessaire et indispensable union sacr\u00e9e. Ensemble, nous d\u00e9fendrons avec succ\u00e8s et pr\u00e9serverons nos valeurs de paix, de d\u00e9mocratie et de patriotisme face \u00e0 l\u2019ennemi commun, qui veut manifestement et \u00e0 tout prix conduire les Burkinab\u00e8 au d\u00e9chirement et \u00e0 la d\u00e9sunion. D\u2019o\u00f9 l\u2019appel \u00e0 la r\u00e9sistance que le MPP lance ici \u00e0 tous les Burkinab\u00e8 soucieux de l\u2019int\u00e9grit\u00e9 de notre pays et des valeurs cardinales de notre l\u00e9gendaire vivre-ensemble.<\/p>\n<p>Face \u00e0 toutes ces \u00e9preuves difficiles, le MPP invite les Burkinab\u00e8 \u00e0 resserrer les rangs contre toutes les forces et vis\u00e9es d\u00e9moniaques qui menacent notre pays. Dans l\u2019unit\u00e9 et la lutte, nous triompherons des forces du mal.<\/p>\n<p><strong>\u00a0 \u00a0 \u00a0 \u00a0 \u00a0 \u00a0 \u00a0 \u00a0 \u00a0 \u00a0 \u00a0 \u00a0 \u00a0 \u00a0 \u00a0 \u00a0 \u00a0 \u00a0 \u00a0 \u00a0 \u00a0 \u00a0 \u00a0 \u00a0 DEMOCRATIE\u00a0\u00a0\u00a0\u00a0\u00a0 \u2013\u00a0\u00a0\u00a0\u00a0\u00a0 EGALITE\u00a0\u00a0\u00a0\u00a0\u00a0 \u2013\u00a0\u00a0\u00a0\u00a0\u00a0 PROGRES<\/strong><\/p>\n<p><strong>\u00a0 \u00a0 \u00a0 \u00a0 \u00a0 \u00a0 \u00a0 \u00a0 \u00a0 \u00a0 \u00a0 \u00a0 \u00a0 \u00a0 \u00a0 \u00a0 \u00a0 \u00a0 \u00a0 \u00a0 \u00a0 \u00a0 \u00a0 \u00a0 \u00a0 \u00a0 \u00a0 \u00a0 \u00a0 \u00a0 \u00a0 \u00a0 \u00a0 \u00a0 \u00a0 \u00a0 \u00a0 Simon COMPAORE<\/strong><\/p>\n<p><strong>\u00a0Pr\u00e9sident du MPP<\/strong><\/p>\n<p>L\u2019article <a rel=\"nofollow\" href=\"https:\/\/www.sidwaya.info\/blog\/2021\/08\/06\/drame-dans-loudalan-le-mpp-appelle-a-la-resistance\/\">Drame dans l\u2019Oudalan: Le MPP appelle\u00a0\u00e0 la r\u00e9sistance<\/a> est apparu en premier sur <a rel=\"nofollow\" href=\"https:\/\/www.sidwaya.info\/\">Quotidien Sidwaya<\/a>.<\/p>\n<\/div>\n<p>Auteur: Wamini SIDWAYA<br \/>\n<a href=\"https:\/\/www.sidwaya.info\/blog\/2021\/08\/06\/drame-dans-loudalan-le-mpp-appelle-a-la-resistance\/\">Cliquez ici pour lire l&rsquo;article depuis sa source.<\/a><\/p>\n","protected":false},"excerpt":{"rendered":"<p>Dans une d\u00e9claration le MPP appelle \u00e0 l\u2019union sacr\u00e9e et \u00e0 la r\u00e9sistance des forces vives du Burkina Faso. Le drame survenu dans l\u2019OUDALAN le 04 ao\u00fbt 2021, au cours duquel des soldats, VDP et populations civiles sans d\u00e9fense ont perdu la vie, interpelle une fois de plus sur la n\u00e9cessit\u00e9 imp\u00e9rieuse pour tous les [&hellip;]<\/p>\n","protected":false},"author":1816,"featured_media":0,"comment_status":"closed","ping_status":"closed","sticky":false,"template":"","format":"standard","meta":{"fifu_image_url":"","fifu_image_alt":"","footnotes":""},"categories":[73,81],"tags":[],"class_list":["post-123474","post","type-post","status-publish","format-standard","hentry","category-actualite","category-burkina-faso"],"_links":{"self":[{"href":"https:\/\/linitiative.ca\/International\/wp-json\/wp\/v2\/posts\/123474","targetHints":{"allow":["GET"]}}],"collection":[{"href":"https:\/\/linitiative.ca\/International\/wp-json\/wp\/v2\/posts"}],"about":[{"href":"https:\/\/linitiative.ca\/International\/wp-json\/wp\/v2\/types\/post"}],"author":[{"embeddable":true,"href":"https:\/\/linitiative.ca\/International\/wp-json\/wp\/v2\/users\/1816"}],"replies":[{"embeddable":true,"href":"https:\/\/linitiative.ca\/International\/wp-json\/wp\/v2\/comments?post=123474"}],"version-history":[{"count":0,"href":"https:\/\/linitiative.ca\/International\/wp-json\/wp\/v2\/posts\/123474\/revisions"}],"wp:attachment":[{"href":"https:\/\/linitiative.ca\/International\/wp-json\/wp\/v2\/media?parent=123474"}],"wp:term":[{"taxonomy":"category","embeddable":true,"href":"https:\/\/linitiative.ca\/International\/wp-json\/wp\/v2\/categories?post=123474"},{"taxonomy":"post_tag","embeddable":true,"href":"https:\/\/linitiative.ca\/International\/wp-json\/wp\/v2\/tags?post=123474"}],"curies":[{"name":"wp","href":"https:\/\/api.w.org\/{rel}","templated":true}]}}