{"id":123475,"date":"2021-08-06T10:07:01","date_gmt":"2021-08-06T14:07:01","guid":{"rendered":"https:\/\/linitiative.ca\/International\/extradition-de-francois-compaore-la-cour-europeenne-des-droits-de-lhomme-demande-dobserver-certaines-mesures\/"},"modified":"2021-08-06T10:07:01","modified_gmt":"2021-08-06T14:07:01","slug":"extradition-de-francois-compaore-la-cour-europeenne-des-droits-de-lhomme-demande-dobserver-certaines-mesures","status":"publish","type":"post","link":"https:\/\/linitiative.ca\/International\/extradition-de-francois-compaore-la-cour-europeenne-des-droits-de-lhomme-demande-dobserver-certaines-mesures\/","title":{"rendered":"Extradition de Fran\u00e7ois Compaor\u00e9 : la Cour europ\u00e9enne des droits de l\u2019homme demande d\u2019observer certaines mesures"},"content":{"rendered":"<div>\n<p>Ceci<strong> est un communiqu\u00e9 des conseils de Paul Fran\u00e7ois Compaor\u00e9 et leurs \u00e9quipes.<\/strong><\/p>\n<p>Ce vendredi 6 ao\u00fbt 2021 \u00e0 14h00, Paul Fran\u00e7ois COMPAORE a obtenu de la Cour europ\u00e9enne des droits de l\u2019homme que la mesure d\u2019extradition vers le Burkina Faso dont il faisait l\u2019objet ne soit pas mise \u00e0 ex\u00e9cution. La Cour a mis en demeure le gouvernement fran\u00e7ais de ne pas proc\u00e9der \u00e0 cette extradition tant que la proc\u00e9dure europ\u00e9enne serait pendante.<\/p>\n<p>Les conseils de Paul Fran\u00e7ois COMPAORE et leurs \u00e9quipes, qui se sont battus \u00e0 ses c\u00f4t\u00e9s et avec son \u00e9pouse pendant quatre ann\u00e9es, rendent hommage avec \u00e9motion \u00e0 cette d\u00e9cision ind\u00e9pendante et impartiale. La position de la Cour, qui prot\u00e8ge d\u00e9sormais Paul Fran\u00e7ois COMPAORE des traitements inhumains et d\u00e9gradants auxquels il \u00e9tait expos\u00e9 et lui assure un proc\u00e8s \u00e9quitable, contredit avec \u00e9clat les d\u00e9clarations du Pr\u00e9sident de la R\u00e9publique fran\u00e7aise, l\u2019avis de la Cour d\u2019appel de Paris, l\u2019arr\u00eat de la Cour de cassation et l\u2019arr\u00eat du Conseil d\u2019Etat fran\u00e7ais, qui \u00e9taient h\u00e9las unanimes pour approuver cette mesure d\u2019extradition.<\/p>\n<p>Merci au Conseil de l\u2019Europe, merci \u00e0 la Justice.<\/p>\n<p><strong>B\u00e2tonnier Pierre-Olivier Sur Fran\u00e7ois-Henri Briard<\/strong><br \/>\n<strong>Avocat \u00e0 la Cour Avocat au Conseil d\u2019Etat et \u00e0 la Cour de cassation<\/strong><br \/>\n<strong>Avec le pr\u00e9cieux concours de Clara G\u00e9rard-Rodriguez, Benjamin de Dreuzy, Fran\u00e7ois N\u00e9grel-Filippi, Paul K\u00e9r\u00e9 et Issaka Zampaligre, Avocats \u00e0 Paris et \u00e0 Ouagadougou<\/strong><\/p>\n<p>L\u2019article <a rel=\"nofollow\" href=\"https:\/\/www.sidwaya.info\/blog\/2021\/08\/06\/extradition-de-francois-compaore-la-cour-europeenne-des-droits-de-lhomme-demande-dobserver-certaines-mesures\/\">Extradition de Fran\u00e7ois Compaor\u00e9 : la Cour europ\u00e9enne des droits de l\u2019homme demande d\u2019observer certaines mesures<\/a> est apparu en premier sur <a rel=\"nofollow\" href=\"https:\/\/www.sidwaya.info\/\">Quotidien Sidwaya<\/a>.<\/p>\n<\/div>\n<p>Auteur: Wamini SIDWAYA<br \/>\n<a href=\"https:\/\/www.sidwaya.info\/blog\/2021\/08\/06\/extradition-de-francois-compaore-la-cour-europeenne-des-droits-de-lhomme-demande-dobserver-certaines-mesures\/\">Cliquez ici pour lire l&rsquo;article depuis sa source.<\/a><\/p>\n","protected":false},"excerpt":{"rendered":"<p>Ceci est un communiqu\u00e9 des conseils de Paul Fran\u00e7ois Compaor\u00e9 et leurs \u00e9quipes. Ce vendredi 6 ao\u00fbt 2021 \u00e0 14h00, Paul Fran\u00e7ois COMPAORE a obtenu de la Cour europ\u00e9enne des droits de l\u2019homme que la mesure d\u2019extradition vers le Burkina Faso dont il faisait l\u2019objet ne soit pas mise \u00e0 ex\u00e9cution. La Cour a mis [&hellip;]<\/p>\n","protected":false},"author":1816,"featured_media":0,"comment_status":"closed","ping_status":"closed","sticky":false,"template":"","format":"standard","meta":{"fifu_image_url":"","fifu_image_alt":"","footnotes":""},"categories":[73,81],"tags":[],"class_list":["post-123475","post","type-post","status-publish","format-standard","hentry","category-actualite","category-burkina-faso"],"_links":{"self":[{"href":"https:\/\/linitiative.ca\/International\/wp-json\/wp\/v2\/posts\/123475","targetHints":{"allow":["GET"]}}],"collection":[{"href":"https:\/\/linitiative.ca\/International\/wp-json\/wp\/v2\/posts"}],"about":[{"href":"https:\/\/linitiative.ca\/International\/wp-json\/wp\/v2\/types\/post"}],"author":[{"embeddable":true,"href":"https:\/\/linitiative.ca\/International\/wp-json\/wp\/v2\/users\/1816"}],"replies":[{"embeddable":true,"href":"https:\/\/linitiative.ca\/International\/wp-json\/wp\/v2\/comments?post=123475"}],"version-history":[{"count":0,"href":"https:\/\/linitiative.ca\/International\/wp-json\/wp\/v2\/posts\/123475\/revisions"}],"wp:attachment":[{"href":"https:\/\/linitiative.ca\/International\/wp-json\/wp\/v2\/media?parent=123475"}],"wp:term":[{"taxonomy":"category","embeddable":true,"href":"https:\/\/linitiative.ca\/International\/wp-json\/wp\/v2\/categories?post=123475"},{"taxonomy":"post_tag","embeddable":true,"href":"https:\/\/linitiative.ca\/International\/wp-json\/wp\/v2\/tags?post=123475"}],"curies":[{"name":"wp","href":"https:\/\/api.w.org\/{rel}","templated":true}]}}