{"id":123476,"date":"2021-08-06T12:31:28","date_gmt":"2021-08-06T16:31:28","guid":{"rendered":"https:\/\/linitiative.ca\/International\/initiative-presidentielle-offrir-un-repas-a-chaque-enfant-en-age-scolaire-la-feuille-de-route-validee\/"},"modified":"2021-08-06T12:31:28","modified_gmt":"2021-08-06T16:31:28","slug":"initiative-presidentielle-offrir-un-repas-a-chaque-enfant-en-age-scolaire-la-feuille-de-route-validee","status":"publish","type":"post","link":"https:\/\/linitiative.ca\/International\/initiative-presidentielle-offrir-un-repas-a-chaque-enfant-en-age-scolaire-la-feuille-de-route-validee\/","title":{"rendered":"Initiative pr\u00e9sidentielle offrir un repas \u00e0 chaque enfant en \u00e2ge scolaire\u00a0:  La feuille de route valid\u00e9e"},"content":{"rendered":"<div>\n<p><strong>Le Premier ministre, Christophe Joseph Marie Dabir\u00e9, a pr\u00e9sid\u00e9, le vendredi 6 ao\u00fbt 2021, \u00e0 Ouagadougou, la premi\u00e8re session du Conseil d\u2019orientation strat\u00e9gique de l\u2019initiative pr\u00e9sidentielle\u00a0: \u00ab <em>Assurer \u00e0 chaque enfant en \u00e2ge scolaire au moins un repas \u00e9quilibr\u00e9 par jour<\/em> \u00bb.<\/strong><\/p>\n<p>Apr\u00e8s son lancement officiel, le 17 juin dernier \u00e0 Lemnogo dans la province de l\u2019Oubritenga, l\u2019initiative pr\u00e9sidentielle : \u00ab <em>Assurer \u00e0 chaque enfant en \u00e2ge scolaire au moins un repas \u00e9quilibr\u00e9 par jour<\/em> \u00bb commence \u00e0 prendre forme. La premi\u00e8re session du Conseil d\u2019orientation strat\u00e9gique de cette initiative s\u2019est tenue, le vendredi 6 ao\u00fbt 2021, \u00e0 Ouagadougou, sous la pr\u00e9sidence du chef du gouvernement, Christophe Joseph Marie Dabir\u00e9.<\/p>\n<p>Selon le ministre de l\u2019Agriculture, des Am\u00e9nagements hydroagricoles et de la M\u00e9canisation (MAAHM), Salifou Ou\u00e9draogo, cette rencontre a permis aux participants de faire le bilan de l\u2019avancement de cette initiative, de valider la feuille de route et le plan de travail et de voir comment faire pour acc\u00e9l\u00e9rer sa mise en \u0153uvre. \u00ab\u00a0<em>Cette rencontre nous a \u00e9galement permis de tirer des enseignements par rapport \u00e0 la mise en place des cantines scolaires, de voir leur \u00e9tat de fonctionnement et ce qui peut \u00eatre am\u00e9lior\u00e9 en vue de faire en sorte qu\u2019il y ait un impact dans l\u2019utilisation des fonds annuels allou\u00e9s aux cantines<\/em>\u00a0\u00bb, a-t-il indiqu\u00e9.<\/p>\n<figure id=\"attachment_38260\" aria-describedby=\"caption-attachment-38260\" style=\"width: 900px\" class=\"wp-caption alignnone\"><img decoding=\"async\" loading=\"lazy\" class=\"wp-image-38260 size-full\" src=\"https:\/\/linitiative.ca\/International\/wp-content\/uploads\/sites\/23\/2021\/08\/ph-ministre-a.jpeg\" alt=\"\" width=\"900\" height=\"600\" srcset=\"https:\/\/linitiative.ca\/International\/wp-content\/uploads\/sites\/23\/2021\/08\/ph-ministre-a.jpeg 900w, https:\/\/www.sidwaya.info\/wp-content\/uploads\/2021\/08\/ph-ministre-a-300x200.jpeg 300w, https:\/\/www.sidwaya.info\/wp-content\/uploads\/2021\/08\/ph-ministre-a-768x512.jpeg 768w, https:\/\/www.sidwaya.info\/wp-content\/uploads\/2021\/08\/ph-ministre-a-150x100.jpeg 150w, https:\/\/www.sidwaya.info\/wp-content\/uploads\/2021\/08\/ph-ministre-a-696x464.jpeg 696w, https:\/\/www.sidwaya.info\/wp-content\/uploads\/2021\/08\/ph-ministre-a-630x420.jpeg 630w\" sizes=\"auto, (max-width: 900px) 100vw, 900px\"><figcaption id=\"caption-attachment-38260\" class=\"wp-caption-text\">Le ministre de l\u2019Agriculture, des Am\u00e9nagements hydroagricoles et de la M\u00e9canisation (MAAHM), Salifou Ou\u00e9draogo : \u00ab Cette initiative qui tient beaucoup au chef de l\u2019Etat va permettre \u00e0 chaque enfant en \u00e2ge scolaire de pouvoir b\u00e9n\u00e9ficier d\u2019un repas \u00e9quilibr\u00e9 \u00bb.<\/figcaption><\/figure>\n<p>A l\u2019en croire, pr\u00e8s de 18 milliards F CFA sont mis chaque ann\u00e9e \u00e0 la disposition du minist\u00e8re en charge de l\u2019\u00e9ducation nationale \u00e0 travers les communes pour ravitailler les \u00e9coles en cantines scolaires. \u00ab\u00a0<em>Cela doit \u00eatre revu pour que r\u00e9ellement les vivres puissent atteindre les enfants<\/em>\u00a0<em>\u00e0 temps <\/em>\u00bb, a-t-il signifi\u00e9. Pour ce faire, a-t-il dit, les diff\u00e9rents minist\u00e8res impliqu\u00e9s joueront leur partition qui se fera par \u00e9tape. \u00ab\u00a0<em>Nous avons 15 communes mod\u00e8les qui doivent \u00eatre accompagn\u00e9es.<\/em><\/p>\n<p><em> A partir de ces communes, nous allons mettre en place toutes les initiatives afin de tirer des enseignements avant de passer \u00e0 la mise \u00e0 l\u2019\u00e9chelle<\/em>\u00a0\u00bb, a-t-il soutenu. Aux dires du ministre Salifou Ou\u00e9draogo, l\u2019objectif est de faire en sorte que cette initiative soit op\u00e9rationnalis\u00e9e rapidement afin d\u2019avoir un impact sur la vie des \u00e9l\u00e8ves.<\/p>\n<p>La secr\u00e9taire permanente de l\u2019initiative pr\u00e9sidentielle \u00ab <em>Assurer \u00e0 chaque enfant en \u00e2ge scolaire au moins un repas \u00e9quilibr\u00e9 par jour<\/em> \u00bb, Dr Alice Sidib\u00e9\/Anago, s\u2019est f\u00e9licit\u00e9e de la tenue de cette rencontre qui a permis de formuler des recommandations et de donner des orientations \u00e0 sa structure. \u00ab\u00a0<em>La tenue du premier Conseil d\u2019orientation strat\u00e9gique donne \u00e0 la secr\u00e9taire permanente le quitus de pouvoir d\u00e9rouler sa feuille de route et son Plan de travail et du budget annuel\u00a0(PTBA)<\/em> \u00bb, a-t-elle pr\u00e9cis\u00e9.<\/p>\n<p><img decoding=\"async\" loading=\"lazy\" class=\"alignnone wp-image-38261 size-full\" src=\"https:\/\/linitiative.ca\/International\/wp-content\/uploads\/sites\/23\/2021\/08\/ph-comite-.jpeg\" alt=\"\" width=\"900\" height=\"614\" srcset=\"https:\/\/linitiative.ca\/International\/wp-content\/uploads\/sites\/23\/2021\/08\/ph-comite-.jpeg 900w, https:\/\/www.sidwaya.info\/wp-content\/uploads\/2021\/08\/ph-comite--300x205.jpeg 300w, https:\/\/www.sidwaya.info\/wp-content\/uploads\/2021\/08\/ph-comite--768x524.jpeg 768w, https:\/\/www.sidwaya.info\/wp-content\/uploads\/2021\/08\/ph-comite--150x102.jpeg 150w, https:\/\/www.sidwaya.info\/wp-content\/uploads\/2021\/08\/ph-comite--218x150.jpeg 218w, https:\/\/www.sidwaya.info\/wp-content\/uploads\/2021\/08\/ph-comite--696x475.jpeg 696w, https:\/\/www.sidwaya.info\/wp-content\/uploads\/2021\/08\/ph-comite--616x420.jpeg 616w\" sizes=\"auto, (max-width: 900px) 100vw, 900px\"><\/p>\n<p style=\"text-align: right\"><strong>Timoth\u00e9e SOME<\/strong><\/p>\n<p style=\"text-align: right\"><strong>timothesom@yahoo.fr<\/strong><\/p>\n<p>L\u2019article <a rel=\"nofollow\" href=\"https:\/\/www.sidwaya.info\/blog\/2021\/08\/06\/initiative-presidentielle-offrir-un-repas-a-chaque-enfant-en-age-scolaire-la-feuille-de-route-validee\/\">Initiative pr\u00e9sidentielle offrir un repas \u00e0 chaque enfant en \u00e2ge scolaire\u00a0:  La feuille de route valid\u00e9e<\/a> est apparu en premier sur <a rel=\"nofollow\" href=\"https:\/\/www.sidwaya.info\/\">Quotidien Sidwaya<\/a>.<\/p>\n<\/div>\n<p>Auteur: Wamini SIDWAYA<br \/>\n<a href=\"https:\/\/www.sidwaya.info\/blog\/2021\/08\/06\/initiative-presidentielle-offrir-un-repas-a-chaque-enfant-en-age-scolaire-la-feuille-de-route-validee\/\">Cliquez ici pour lire l&rsquo;article depuis sa source.<\/a><\/p>\n","protected":false},"excerpt":{"rendered":"<p>Le Premier ministre, Christophe Joseph Marie Dabir\u00e9, a pr\u00e9sid\u00e9, le vendredi 6 ao\u00fbt 2021, \u00e0 Ouagadougou, la premi\u00e8re session du Conseil d\u2019orientation strat\u00e9gique de l\u2019initiative pr\u00e9sidentielle\u00a0: \u00ab Assurer \u00e0 chaque enfant en \u00e2ge scolaire au moins un repas \u00e9quilibr\u00e9 par jour \u00bb. Apr\u00e8s son lancement officiel, le 17 juin dernier \u00e0 Lemnogo dans la province [&hellip;]<\/p>\n","protected":false},"author":1816,"featured_media":0,"comment_status":"closed","ping_status":"closed","sticky":false,"template":"","format":"standard","meta":{"fifu_image_url":"https:\/\/www.sidwaya.info\/wp-content\/uploads\/2021\/08\/ph-ministre-a.jpeg","fifu_image_alt":"Initiative pr\u00e9sidentielle offrir un repas \u00e0 chaque enfant en \u00e2ge scolaire\u00a0:  La feuille de route valid\u00e9e","footnotes":""},"categories":[73,81],"tags":[],"class_list":["post-123476","post","type-post","status-publish","format-standard","hentry","category-actualite","category-burkina-faso"],"_links":{"self":[{"href":"https:\/\/linitiative.ca\/International\/wp-json\/wp\/v2\/posts\/123476","targetHints":{"allow":["GET"]}}],"collection":[{"href":"https:\/\/linitiative.ca\/International\/wp-json\/wp\/v2\/posts"}],"about":[{"href":"https:\/\/linitiative.ca\/International\/wp-json\/wp\/v2\/types\/post"}],"author":[{"embeddable":true,"href":"https:\/\/linitiative.ca\/International\/wp-json\/wp\/v2\/users\/1816"}],"replies":[{"embeddable":true,"href":"https:\/\/linitiative.ca\/International\/wp-json\/wp\/v2\/comments?post=123476"}],"version-history":[{"count":0,"href":"https:\/\/linitiative.ca\/International\/wp-json\/wp\/v2\/posts\/123476\/revisions"}],"wp:attachment":[{"href":"https:\/\/linitiative.ca\/International\/wp-json\/wp\/v2\/media?parent=123476"}],"wp:term":[{"taxonomy":"category","embeddable":true,"href":"https:\/\/linitiative.ca\/International\/wp-json\/wp\/v2\/categories?post=123476"},{"taxonomy":"post_tag","embeddable":true,"href":"https:\/\/linitiative.ca\/International\/wp-json\/wp\/v2\/tags?post=123476"}],"curies":[{"name":"wp","href":"https:\/\/api.w.org\/{rel}","templated":true}]}}