{"id":123479,"date":"2021-08-06T13:32:40","date_gmt":"2021-08-06T17:32:40","guid":{"rendered":"https:\/\/linitiative.ca\/International\/forces-armees-nationales-le-contingent-2020-livre-2245-soldats\/"},"modified":"2021-08-06T13:32:40","modified_gmt":"2021-08-06T17:32:40","slug":"forces-armees-nationales-le-contingent-2020-livre-2245-soldats","status":"publish","type":"post","link":"https:\/\/linitiative.ca\/International\/forces-armees-nationales-le-contingent-2020-livre-2245-soldats\/","title":{"rendered":"Forces arm\u00e9es nationales: Le contingent 2020 livre 2245 soldats"},"content":{"rendered":"<div>\n<p><strong>Le contingent 2020 a \u00e9t\u00e9 pr\u00e9sent\u00e9 au drapeau le vendredi 06 ao\u00fbt 2021 \u00e0 Bobo-Dioulasso. La c\u00e9r\u00e9monie a \u00e9t\u00e9 plac\u00e9e sous le patronage du Chef d\u2019Etat-Major de l\u2019arm\u00e9e de terre, le Colonel Gilles Bationo.<\/strong><\/p>\n<p>Le contingent militaire de la classe 2020 a fini sa formation initiale.\u00a0 Sa c\u00e9r\u00e9monie de pr\u00e9sentation au drapeau s\u2019est d\u00e9roul\u00e9e dans la matin\u00e9e du vendredi 6 ao\u00fbt 2021 au sein du camp Ouezzin Coulibaly \u00e0 Bobo-Dioulasso. Une c\u00e9r\u00e9monie qui a \u00e9t\u00e9 patronn\u00e9e par le Chef d\u2019Etat-Major de l\u2019arm\u00e9e de terre, le Colonel-Major Gilles Bationo.\u00a0 De 2250 recrues (dont 85 femmes) au d\u00e9part la cuv\u00e9e en compte 2245, \u00e0 sa sortie. Comme l\u2019a fait savoir le commandant du commandement\u00a0 des \u00e9coles et centres de formation, Colonel Jean Charles Som\u00e9, 04 ont \u00e9t\u00e9 radi\u00e9s et 01 d\u00e9c\u00e9d\u00e9. Sur les 2245, 1995 sont retenus pour les besoins de l\u2019arm\u00e9e de terre, de l\u2019arm\u00e9e de l\u2019air et du Groupement central des arm\u00e9es. Quant\u00a0 aux 250 autres ils sont mis \u00e0 la disposition de la Brigade nationale des sapeurs-pompiers. Le contingent a \u00e9t\u00e9 r\u00e9parti entre les 03 centres r\u00e9gionaux d\u2019instruction de Bobo-Dioulasso (790 stagiaires),\u00a0 Dori (730 stagiaires) et de Fada N\u2019Gourma (730 stagiaires) pour la formation initiale. Ladite formation a d\u00e9but\u00e9 le 1er f\u00e9vrier 2021 et a dur\u00e9 29 semaines.<\/p>\n<p>Alpha S\u00e9kou BARRY<\/p>\n<p>alphasekoubarry@gmail.com<\/p>\n<p>L\u2019article <a rel=\"nofollow\" href=\"https:\/\/www.sidwaya.info\/blog\/2021\/08\/06\/forces-armees-nationales-le-contingent-2020-livre-2245-soldats\/\">Forces arm\u00e9es nationales: Le contingent 2020 livre 2245 soldats<\/a> est apparu en premier sur <a rel=\"nofollow\" href=\"https:\/\/www.sidwaya.info\/\">Quotidien Sidwaya<\/a>.<\/p>\n<\/div>\n<p>Auteur: BS. Sidwaya<br \/>\n<a href=\"https:\/\/www.sidwaya.info\/blog\/2021\/08\/06\/forces-armees-nationales-le-contingent-2020-livre-2245-soldats\/\">Cliquez ici pour lire l&rsquo;article depuis sa source.<\/a><\/p>\n","protected":false},"excerpt":{"rendered":"<p>Le contingent 2020 a \u00e9t\u00e9 pr\u00e9sent\u00e9 au drapeau le vendredi 06 ao\u00fbt 2021 \u00e0 Bobo-Dioulasso. La c\u00e9r\u00e9monie a \u00e9t\u00e9 plac\u00e9e sous le patronage du Chef d\u2019Etat-Major de l\u2019arm\u00e9e de terre, le Colonel Gilles Bationo. Le contingent militaire de la classe 2020 a fini sa formation initiale.\u00a0 Sa c\u00e9r\u00e9monie de pr\u00e9sentation au drapeau s\u2019est d\u00e9roul\u00e9e dans [&hellip;]<\/p>\n","protected":false},"author":1816,"featured_media":0,"comment_status":"closed","ping_status":"closed","sticky":false,"template":"","format":"standard","meta":{"fifu_image_url":"","fifu_image_alt":"","footnotes":""},"categories":[73,81],"tags":[],"class_list":["post-123479","post","type-post","status-publish","format-standard","hentry","category-actualite","category-burkina-faso"],"_links":{"self":[{"href":"https:\/\/linitiative.ca\/International\/wp-json\/wp\/v2\/posts\/123479","targetHints":{"allow":["GET"]}}],"collection":[{"href":"https:\/\/linitiative.ca\/International\/wp-json\/wp\/v2\/posts"}],"about":[{"href":"https:\/\/linitiative.ca\/International\/wp-json\/wp\/v2\/types\/post"}],"author":[{"embeddable":true,"href":"https:\/\/linitiative.ca\/International\/wp-json\/wp\/v2\/users\/1816"}],"replies":[{"embeddable":true,"href":"https:\/\/linitiative.ca\/International\/wp-json\/wp\/v2\/comments?post=123479"}],"version-history":[{"count":0,"href":"https:\/\/linitiative.ca\/International\/wp-json\/wp\/v2\/posts\/123479\/revisions"}],"wp:attachment":[{"href":"https:\/\/linitiative.ca\/International\/wp-json\/wp\/v2\/media?parent=123479"}],"wp:term":[{"taxonomy":"category","embeddable":true,"href":"https:\/\/linitiative.ca\/International\/wp-json\/wp\/v2\/categories?post=123479"},{"taxonomy":"post_tag","embeddable":true,"href":"https:\/\/linitiative.ca\/International\/wp-json\/wp\/v2\/tags?post=123479"}],"curies":[{"name":"wp","href":"https:\/\/api.w.org\/{rel}","templated":true}]}}