{"id":123487,"date":"2021-08-06T13:33:14","date_gmt":"2021-08-06T17:33:14","guid":{"rendered":"https:\/\/linitiative.ca\/International\/cameroun-un-plaidoyer-pour-ladoption-dune-strategie-nationale-de-production-de-lhuile-de-palme\/"},"modified":"2021-08-06T13:33:14","modified_gmt":"2021-08-06T17:33:14","slug":"cameroun-un-plaidoyer-pour-ladoption-dune-strategie-nationale-de-production-de-lhuile-de-palme","status":"publish","type":"post","link":"https:\/\/linitiative.ca\/International\/cameroun-un-plaidoyer-pour-ladoption-dune-strategie-nationale-de-production-de-lhuile-de-palme\/","title":{"rendered":"Cameroun : un plaidoyer pour l\u2019adoption d\u2019une strat\u00e9gie nationale de production de l\u2019huile de palme"},"content":{"rendered":"<div>\n<p><img loading=\"lazy\" decoding=\"async\" width=\"777\" height=\"437\" src=\"https:\/\/linitiative.ca\/International\/wp-content\/uploads\/sites\/23\/2021\/08\/Lhuile-de-palme-au-Cameroun.jpg\" class=\"attachment-post-thumbnail size-post-thumbnail wp-post-image\" alt=\"\" srcset=\"https:\/\/linitiative.ca\/International\/wp-content\/uploads\/sites\/23\/2021\/08\/Lhuile-de-palme-au-Cameroun.jpg 777w, https:\/\/www.journalducameroun.com\/wp-content\/uploads\/2018\/12\/Lhuile-de-palme-au-Cameroun-300x169.jpg 300w, https:\/\/www.journalducameroun.com\/wp-content\/uploads\/2018\/12\/Lhuile-de-palme-au-Cameroun-768x432.jpg 768w, https:\/\/www.journalducameroun.com\/wp-content\/uploads\/2018\/12\/Lhuile-de-palme-au-Cameroun-780x440.jpg 780w, https:\/\/www.journalducameroun.com\/wp-content\/uploads\/2018\/12\/Lhuile-de-palme-au-Cameroun-380x215.jpg 380w, https:\/\/www.journalducameroun.com\/wp-content\/uploads\/2018\/12\/Lhuile-de-palme-au-Cameroun-160x90.jpg 160w, https:\/\/www.journalducameroun.com\/wp-content\/uploads\/2018\/12\/Lhuile-de-palme-au-Cameroun-240x135.jpg 240w, https:\/\/www.journalducameroun.com\/wp-content\/uploads\/2018\/12\/Lhuile-de-palme-au-Cameroun-600x337.jpg 600w\" sizes=\"auto, (max-width: 777px) 100vw, 777px\"><\/p>\n<p style=\"text-align: justify;\"><strong>Un document politique a \u00e9t\u00e9 pr\u00e9sent\u00e9 au cours d\u2019une conf\u00e9rence de presse organis\u00e9e le 05 ao\u00fbt \u00e0 Yaound\u00e9 par l\u2019ONG Green Development Advocates (GDA).<\/strong><\/p>\n<p style=\"text-align: justify;\">\n<p style=\"font-weight: 400; text-align: justify;\">Ce sont quelques 37 Organisations de la soci\u00e9t\u00e9 civile (OSC) du secteur for\u00eat et environnement qui demandent au gouvernement d\u2019adopter et de mettre en \u0153uvre une strat\u00e9gie nationale durable de production de l\u2019<strong>huile de palme<\/strong>. Ces organisations ont produit un document politique\u00a0 pr\u00e9sentant les cons\u00e9quences li\u00e9es \u00e0 la non existence d&rsquo;une telle strat\u00e9gie au Cameroun.<\/p>\n<p style=\"font-weight: 400; text-align: justify;\">Selon ces OSC, ladite strat\u00e9gie permettrait de r\u00e9soudre les probl\u00e8mes tels que le non-respect des droits des communaut\u00e9s locales autochtones, le non-respect des droits fonciers coutumiers, la perte de la biodiversit\u00e9, les perturbations de l\u2019\u00e9cosyst\u00e8me, la non prise en compte des questions climatiques, la faible prise en compte des questions de pollution de l\u2019eau et de l\u2019air.<\/p>\n<p style=\"font-weight: 400; text-align: justify;\">\u00ab\u00a0<em>Nous planteurs, on attendait beaucoup de cette strat\u00e9gie mais depuis 2014 rien n\u2019a boug\u00e9. Cette conf\u00e9rence de presse est une opportunit\u00e9 pour nous paysans et petits planteurs. Nous sommes confront\u00e9s \u00e0 beaucoup de probl\u00e8mes \u00e0 cause des installations des nouvelles plantations ou des extensions qui sont en train d\u2019\u00eatre op\u00e9r\u00e9es et c\u2019est la strat\u00e9gie nationale qui devait prendre en compte les probl\u00e8mes des petits planteurs et des riverains que nous sommes. Jusqu\u2019aujourd\u2019hui les avanc\u00e9es sont toujours attendues.\u00a0<\/em>\u00bb, rel\u00e8ve <strong>Emmanuel Elong<\/strong>, pr\u00e9sident de l\u2019Association des paysans riverains des plantations agro-industrie du Cameroun et petits planteurs.<\/p>\n<p style=\"font-weight: 400; text-align: justify;\">Ce document d\u2019une dizaine de pages, comporte aussi des recommandations que doit prendre en compte la strat\u00e9gie nationale durable de production de l\u2019huile de palme.\u00a0\u00a0Entre autres recommandations, la promotion de la conservation des hautes valeurs de conservation et les hauts stocks de carbone\u00a0; la promotion du respect des droits des riverains et des travailleurs des agro-industries\u00a0; la mise en place des mesures incitatives pour les petits op\u00e9rateurs\u00a0; la cr\u00e9ation des partenariats volontaires et gagnant-gagnant entre les agro-industries et les petits producteurs\u00a0; la facilitation et l\u2019acc\u00e8s au financement pour les petits producteurs\u00a0; la promotion de la g\u00e9n\u00e9ration des vieilles plantations en utilisant les technologies appropri\u00e9es\u2026<\/p>\n<p style=\"font-weight: 400; text-align: justify;\">Rappelons que d\u2019apr\u00e8s le Fonds mondial pour la nature, la demande en huile de palme au Cameroun entre 2010 et 2014, se chiffrait \u00e0 450 mille tonnes. Or la\u00a0 production locale n&rsquo;est que\u00a0 de 300 mille tonnes,\u00a0 soit un d\u00e9ficit estim\u00e9 \u00e0 150 mille tonnes.<\/p>\n<p>Cet article <a rel=\"nofollow\" href=\"https:\/\/www.journalducameroun.com\/cameroun-un-plaidoyer-pour-ladoption-dune-strategie-nationale-de-production-de-lhuile-de-palme-cameroun\/\">Cameroun : un plaidoyer pour l\u2019adoption d\u2019une strat\u00e9gie nationale de production de l\u2019huile de palme<\/a> est apparu en premier sur <a rel=\"nofollow\" href=\"https:\/\/www.journalducameroun.com\/\">Journal du Cameroun<\/a>.<\/p>\n<\/div>\n<p>Auteur: Christian DJIMADEU<br \/>\n<a href=\"https:\/\/www.journalducameroun.com\/cameroun-un-plaidoyer-pour-ladoption-dune-strategie-nationale-de-production-de-lhuile-de-palme-cameroun\/\">Cliquez ici pour lire l&rsquo;article depuis sa source.<\/a><\/p>\n","protected":false},"excerpt":{"rendered":"<p>Un document politique a \u00e9t\u00e9 pr\u00e9sent\u00e9 au cours d\u2019une conf\u00e9rence de presse organis\u00e9e le 05 ao\u00fbt \u00e0 Yaound\u00e9 par l\u2019ONG Green Development Advocates (GDA). Ce sont quelques 37 Organisations de la soci\u00e9t\u00e9 civile (OSC) du secteur for\u00eat et environnement qui demandent au gouvernement d\u2019adopter et de mettre en \u0153uvre une strat\u00e9gie nationale durable de production [&hellip;]<\/p>\n","protected":false},"author":1965,"featured_media":0,"comment_status":"closed","ping_status":"closed","sticky":false,"template":"","format":"standard","meta":{"fifu_image_url":"https:\/\/www.journalducameroun.com\/wp-content\/uploads\/2018\/12\/Lhuile-de-palme-au-Cameroun.jpg","fifu_image_alt":"Cameroun : un plaidoyer pour l\u2019adoption d\u2019une strat\u00e9gie nationale de production de l\u2019huile de palme","footnotes":""},"categories":[73,82],"tags":[],"class_list":["post-123487","post","type-post","status-publish","format-standard","hentry","category-actualite","category-cameroun"],"_links":{"self":[{"href":"https:\/\/linitiative.ca\/International\/wp-json\/wp\/v2\/posts\/123487","targetHints":{"allow":["GET"]}}],"collection":[{"href":"https:\/\/linitiative.ca\/International\/wp-json\/wp\/v2\/posts"}],"about":[{"href":"https:\/\/linitiative.ca\/International\/wp-json\/wp\/v2\/types\/post"}],"author":[{"embeddable":true,"href":"https:\/\/linitiative.ca\/International\/wp-json\/wp\/v2\/users\/1965"}],"replies":[{"embeddable":true,"href":"https:\/\/linitiative.ca\/International\/wp-json\/wp\/v2\/comments?post=123487"}],"version-history":[{"count":0,"href":"https:\/\/linitiative.ca\/International\/wp-json\/wp\/v2\/posts\/123487\/revisions"}],"wp:attachment":[{"href":"https:\/\/linitiative.ca\/International\/wp-json\/wp\/v2\/media?parent=123487"}],"wp:term":[{"taxonomy":"category","embeddable":true,"href":"https:\/\/linitiative.ca\/International\/wp-json\/wp\/v2\/categories?post=123487"},{"taxonomy":"post_tag","embeddable":true,"href":"https:\/\/linitiative.ca\/International\/wp-json\/wp\/v2\/tags?post=123487"}],"curies":[{"name":"wp","href":"https:\/\/api.w.org\/{rel}","templated":true}]}}