{"id":123489,"date":"2021-08-06T13:58:23","date_gmt":"2021-08-06T17:58:23","guid":{"rendered":"https:\/\/linitiative.ca\/International\/cameroun-ngalle-bibehe-convoque-une-reunion-de-crise-au-sujet-des-40-morts-daccidents\/"},"modified":"2021-08-06T13:58:23","modified_gmt":"2021-08-06T17:58:23","slug":"cameroun-ngalle-bibehe-convoque-une-reunion-de-crise-au-sujet-des-40-morts-daccidents","status":"publish","type":"post","link":"https:\/\/linitiative.ca\/International\/cameroun-ngalle-bibehe-convoque-une-reunion-de-crise-au-sujet-des-40-morts-daccidents\/","title":{"rendered":"Cameroun : Ngalle Bibehe convoque une r\u00e9union de crise au sujet des 40 morts d\u2019accidents"},"content":{"rendered":"<div>\n<p><img loading=\"lazy\" decoding=\"async\" width=\"768\" height=\"511\" src=\"https:\/\/linitiative.ca\/International\/wp-content\/uploads\/sites\/23\/2021\/08\/Le-ministre-des-Transports-Ernest-Ngalle-Bibehe.jpg\" class=\"attachment-post-thumbnail size-post-thumbnail wp-post-image\" alt=\"\" srcset=\"https:\/\/linitiative.ca\/International\/wp-content\/uploads\/sites\/23\/2021\/08\/Le-ministre-des-Transports-Ernest-Ngalle-Bibehe.jpg 768w, https:\/\/www.journalducameroun.com\/wp-content\/uploads\/2021\/08\/Le-ministre-des-Transports-Ernest-Ngalle-Bibehe-300x200.jpg 300w, https:\/\/www.journalducameroun.com\/wp-content\/uploads\/2021\/08\/Le-ministre-des-Transports-Ernest-Ngalle-Bibehe-661x440.jpg 661w, https:\/\/www.journalducameroun.com\/wp-content\/uploads\/2021\/08\/Le-ministre-des-Transports-Ernest-Ngalle-Bibehe-600x399.jpg 600w\" sizes=\"auto, (max-width: 768px) 100vw, 768px\"><\/p>\n<h5 style=\"text-align: justify;\">Tous les propri\u00e9taires des agences de transports\u00a0 sont attendus au minist\u00e8re des Transports le 10 ao\u00fbt 2021.<\/h5>\n<p style=\"text-align: justify;\">\n<p style=\"text-align: justify;\">\u00a0Le <strong>ministre des Transports<\/strong> convoque les propri\u00e9taires des agences de transport interurbain \u00e0 une r\u00e9union de crise mardi prochain. Cons\u00e9cutive aux deux accidents du 4 et du 5 ao\u00fbt 2021 qui ont caus\u00e9 la mort de 40 personnes et de nombreux bless\u00e9s.<\/p>\n<p style=\"text-align: justify;\">En plus de la menace de suspension de toute activit\u00e9 de transport en cas de nouvelle implication dans un accident,<strong> Ernest Ngalle Bibehe<\/strong> veut s&rsquo;entretenir avec les propri\u00e9taires des agences\u00a0 sur les trois drames produits dans la r\u00e9gion du Centre.<\/p>\n<p style=\"text-align: justify;\">Le premier a eu lieu dans l\u2019arrondissement de Makenene, au lieu-dit Nyokon 1. Une collision entre le bus de <strong>Charter Express<\/strong> et un \u00a0camion de la soci\u00e9t\u00e9<strong> Synohydro,<\/strong> fait deux morts et vingt-huit bless\u00e9s.<\/p>\n<p style=\"text-align: justify;\">Le deuxi\u00e8me met en cause un camion semi-remorque\u00a0 de la soci\u00e9t\u00e9<strong> Sotrac Sarl<\/strong> et un bus de l<strong>\u2019agence Avenir de la Kadey<\/strong>, \u00e0 Awae, sur la nationale N<sup>0<\/sup> 10 au lieu-dit Mvog-Essindi. Bilan\u00a0: 16 morts et plusieurs bless\u00e9s.<\/p>\n<p style=\"text-align: justify;\">Le troisi\u00e8me drame s\u2019est produit sur la nationale N<sup>0<\/sup>1, \u00a0entre un coster de la compagnie de voyage interurbain \u00a0<strong>Solidarit\u00e9 voyages<\/strong> et un camion transportant du sable. Vingt-deux personnes y ont laiss\u00e9 leur vie, et plusieurs en sont bless\u00e9s, transport\u00e9s d\u2019urgence \u00e0 l\u2019h\u00f4pital de district d\u2019Obala.<\/p>\n<p style=\"text-align: justify;\">De son c\u00f4t\u00e9, le ministre de l&rsquo;Administration territoriale <strong>Paul Atanga Nji<\/strong> a instruit aux gouverneurs de sensibiliser les acteurs de la chaine du transport. Certains sont auteurs de l&rsquo;exc\u00e8s de vitesse sur la route, de somnolence au volant entre autres.<\/p>\n<p>Cet article <a rel=\"nofollow\" href=\"https:\/\/www.journalducameroun.com\/cameroun-ngalle-bibehe-convoque-une-reunion-de-crise-au-sujet-des-40-morts-daccidents\/\">Cameroun : Ngalle Bibehe convoque une r\u00e9union de crise au sujet des 40 morts d\u2019accidents<\/a> est apparu en premier sur <a rel=\"nofollow\" href=\"https:\/\/www.journalducameroun.com\/\">Journal du Cameroun<\/a>.<\/p>\n<\/div>\n<p>Auteur: Christian DJIMADEU<br \/>\n<a href=\"https:\/\/www.journalducameroun.com\/cameroun-ngalle-bibehe-convoque-une-reunion-de-crise-au-sujet-des-40-morts-daccidents\/\">Cliquez ici pour lire l&rsquo;article depuis sa source.<\/a><\/p>\n","protected":false},"excerpt":{"rendered":"<p>Tous les propri\u00e9taires des agences de transports\u00a0 sont attendus au minist\u00e8re des Transports le 10 ao\u00fbt 2021. \u00a0Le ministre des Transports convoque les propri\u00e9taires des agences de transport interurbain \u00e0 une r\u00e9union de crise mardi prochain. Cons\u00e9cutive aux deux accidents du 4 et du 5 ao\u00fbt 2021 qui ont caus\u00e9 la mort de 40 personnes [&hellip;]<\/p>\n","protected":false},"author":1965,"featured_media":0,"comment_status":"closed","ping_status":"closed","sticky":false,"template":"","format":"standard","meta":{"fifu_image_url":"https:\/\/www.journalducameroun.com\/wp-content\/uploads\/2021\/08\/Le-ministre-des-Transports-Ernest-Ngalle-Bibehe.jpg","fifu_image_alt":"Cameroun : Ngalle Bibehe convoque une r\u00e9union de crise au sujet des 40 morts d\u2019accidents","footnotes":""},"categories":[73,82],"tags":[],"class_list":["post-123489","post","type-post","status-publish","format-standard","hentry","category-actualite","category-cameroun"],"_links":{"self":[{"href":"https:\/\/linitiative.ca\/International\/wp-json\/wp\/v2\/posts\/123489","targetHints":{"allow":["GET"]}}],"collection":[{"href":"https:\/\/linitiative.ca\/International\/wp-json\/wp\/v2\/posts"}],"about":[{"href":"https:\/\/linitiative.ca\/International\/wp-json\/wp\/v2\/types\/post"}],"author":[{"embeddable":true,"href":"https:\/\/linitiative.ca\/International\/wp-json\/wp\/v2\/users\/1965"}],"replies":[{"embeddable":true,"href":"https:\/\/linitiative.ca\/International\/wp-json\/wp\/v2\/comments?post=123489"}],"version-history":[{"count":0,"href":"https:\/\/linitiative.ca\/International\/wp-json\/wp\/v2\/posts\/123489\/revisions"}],"wp:attachment":[{"href":"https:\/\/linitiative.ca\/International\/wp-json\/wp\/v2\/media?parent=123489"}],"wp:term":[{"taxonomy":"category","embeddable":true,"href":"https:\/\/linitiative.ca\/International\/wp-json\/wp\/v2\/categories?post=123489"},{"taxonomy":"post_tag","embeddable":true,"href":"https:\/\/linitiative.ca\/International\/wp-json\/wp\/v2\/tags?post=123489"}],"curies":[{"name":"wp","href":"https:\/\/api.w.org\/{rel}","templated":true}]}}