{"id":123491,"date":"2021-08-06T15:18:02","date_gmt":"2021-08-06T19:18:02","guid":{"rendered":"https:\/\/linitiative.ca\/International\/covid-le-togo-recoit-le-vaccin-johnson-johnson-made-in-africa\/"},"modified":"2021-08-06T15:18:02","modified_gmt":"2021-08-06T19:18:02","slug":"covid-le-togo-recoit-le-vaccin-johnson-johnson-made-in-africa","status":"publish","type":"post","link":"https:\/\/linitiative.ca\/International\/covid-le-togo-recoit-le-vaccin-johnson-johnson-made-in-africa\/","title":{"rendered":"Covid : le Togo re\u00e7oit le vaccin Johnson &amp; Johnson made in Africa"},"content":{"rendered":"<div>\n<p><img loading=\"lazy\" decoding=\"async\" width=\"3494\" height=\"2334\" src=\"https:\/\/linitiative.ca\/International\/wp-content\/uploads\/sites\/23\/2021\/08\/16282774839441.jpg\" class=\"attachment-post-thumbnail size-post-thumbnail wp-post-image\" alt=\"\" srcset=\"https:\/\/linitiative.ca\/International\/wp-content\/uploads\/sites\/23\/2021\/08\/16282774839441.jpg 3494w, https:\/\/www.journalducameroun.com\/wp-content\/uploads\/2021\/08\/16282774839441-300x200.jpg 300w, https:\/\/www.journalducameroun.com\/wp-content\/uploads\/2021\/08\/16282774839441-768x513.jpg 768w, https:\/\/www.journalducameroun.com\/wp-content\/uploads\/2021\/08\/16282774839441-1024x684.jpg 1024w, https:\/\/www.journalducameroun.com\/wp-content\/uploads\/2021\/08\/16282774839441-659x440.jpg 659w, https:\/\/www.journalducameroun.com\/wp-content\/uploads\/2021\/08\/16282774839441-600x401.jpg 600w\" sizes=\"auto, (max-width: 3494px) 100vw, 3494px\"><\/p>\n<p>La livraison d&rsquo;un lot de 118.000 doses, hier jeudi, fait du Togo le tout premier pays du continent noir \u00e0 acqu\u00e9rir le vaccin am\u00e9ricain produit en Afrique du Sud.Dans un monde \u00ab covid\u00e9 \u00bb, les pays riches ont fait main basse sur les vaccins au d\u00e9triment des nations pauvres. \u00c0 ce jour, l&rsquo;Afrique n&rsquo;a re\u00e7u que 91 millions de doses de vaccin anti-Covid. Environ 24 millions d&rsquo;Africains sont enti\u00e8rement vaccin\u00e9s, soit \u00e0 peine 1,7 % de la population globale.<\/p>\n<p>Pour satisfaire dans les meilleurs d\u00e9lais les besoins du continent, une unit\u00e9 de fabrication de vaccins a \u00e9t\u00e9 install\u00e9e en Afrique du Sud. D&rsquo;ici la fin de l&rsquo;ann\u00e9e en cours, l&rsquo;objectif des dirigeants africains est de vacciner compl\u00e8tement 30 % de la population.<\/p>\n<p>L&rsquo;Etat du Togo, par le biais de la Plateforme africaine de fournitures m\u00e9dicales (AMSP), a obtenu une partie de sa commande de quatre millions de doses du vaccin Johnson &amp; Johnson pour un co\u00fbt de plus de 16 milliards F CFA.<\/p>\n<p>Faure Gnassingb\u00e9, le pr\u00e9sident togolais, a salu\u00e9 \u00ab l&rsquo;arriv\u00e9e rapide\u00a0\u00bb de ce vaccin \u00e0 dose unique conservable \u00e0 une temp\u00e9rature comprise entre 2 et 8 degr\u00e9s, non sans inviter ses concitoyens \u00ab \u00e0 se faire vacciner massivement pour endiguer la maladie \u00bb.<\/p>\n<p>De son c\u00f4t\u00e9, Victoire Tom\u00e9gah-Dogb\u00e9, le Premier ministre, a soulign\u00e9 que \u00ab tout le monde pourra avoir acc\u00e8s\u00a0 \u00bb aux vaccins parce qu&rsquo;ils seront d\u00e9ploy\u00e9es, dans les jours \u00e0 venir, sur l&rsquo;ensemble du territoire national.<\/p>\n<p>Depuis mars 2021, 834.620 doses de vaccin ont \u00e9t\u00e9 achemin\u00e9es au Togo gr\u00e2ce \u00e0 l&rsquo;initiative Covax, l&rsquo;Union Africaine et la Chine. En tout, la premi\u00e8re dose a \u00e9t\u00e9 administr\u00e9e \u00e0 337.820 personnes (4,2 % de la population) et 158.310 individus pour la seconde.<\/p>\n<p>Cet article <a rel=\"nofollow\" href=\"https:\/\/www.journalducameroun.com\/covid-le-togo-recoit-le-vaccin-johnson-johnson-made-in-africa\/\">Covid : le Togo re\u00e7oit le vaccin Johnson &amp; Johnson made in Africa<\/a> est apparu en premier sur <a rel=\"nofollow\" href=\"https:\/\/www.journalducameroun.com\/\">Journal du Cameroun<\/a>.<\/p>\n<\/div>\n<p>Auteur: APA News<br \/>\n<a href=\"https:\/\/www.journalducameroun.com\/covid-le-togo-recoit-le-vaccin-johnson-johnson-made-in-africa\/\">Cliquez ici pour lire l&rsquo;article depuis sa source.<\/a><\/p>\n","protected":false},"excerpt":{"rendered":"<p>La livraison d&rsquo;un lot de 118.000 doses, hier jeudi, fait du Togo le tout premier pays du continent noir \u00e0 acqu\u00e9rir le vaccin am\u00e9ricain produit en Afrique du Sud.Dans un monde \u00ab covid\u00e9 \u00bb, les pays riches ont fait main basse sur les vaccins au d\u00e9triment des nations pauvres. \u00c0 ce jour, l&rsquo;Afrique n&rsquo;a re\u00e7u [&hellip;]<\/p>\n","protected":false},"author":1965,"featured_media":0,"comment_status":"closed","ping_status":"closed","sticky":false,"template":"","format":"standard","meta":{"fifu_image_url":"https:\/\/www.journalducameroun.com\/wp-content\/uploads\/2021\/08\/16282774839441.jpg","fifu_image_alt":"<div>Covid : le Togo re\u00e7oit le vaccin Johnson & Johnson made in Africa<\/div>","footnotes":""},"categories":[73,82],"tags":[],"class_list":["post-123491","post","type-post","status-publish","format-standard","hentry","category-actualite","category-cameroun"],"_links":{"self":[{"href":"https:\/\/linitiative.ca\/International\/wp-json\/wp\/v2\/posts\/123491","targetHints":{"allow":["GET"]}}],"collection":[{"href":"https:\/\/linitiative.ca\/International\/wp-json\/wp\/v2\/posts"}],"about":[{"href":"https:\/\/linitiative.ca\/International\/wp-json\/wp\/v2\/types\/post"}],"author":[{"embeddable":true,"href":"https:\/\/linitiative.ca\/International\/wp-json\/wp\/v2\/users\/1965"}],"replies":[{"embeddable":true,"href":"https:\/\/linitiative.ca\/International\/wp-json\/wp\/v2\/comments?post=123491"}],"version-history":[{"count":0,"href":"https:\/\/linitiative.ca\/International\/wp-json\/wp\/v2\/posts\/123491\/revisions"}],"wp:attachment":[{"href":"https:\/\/linitiative.ca\/International\/wp-json\/wp\/v2\/media?parent=123491"}],"wp:term":[{"taxonomy":"category","embeddable":true,"href":"https:\/\/linitiative.ca\/International\/wp-json\/wp\/v2\/categories?post=123491"},{"taxonomy":"post_tag","embeddable":true,"href":"https:\/\/linitiative.ca\/International\/wp-json\/wp\/v2\/tags?post=123491"}],"curies":[{"name":"wp","href":"https:\/\/api.w.org\/{rel}","templated":true}]}}