{"id":123494,"date":"2021-08-06T11:44:21","date_gmt":"2021-08-06T15:44:21","guid":{"rendered":"https:\/\/linitiative.ca\/International\/infrastructures-routieres-la-belgique-veut-booster-lacquisition-en-materiel-de-genie-civil\/"},"modified":"2021-08-06T11:44:21","modified_gmt":"2021-08-06T15:44:21","slug":"infrastructures-routieres-la-belgique-veut-booster-lacquisition-en-materiel-de-genie-civil","status":"publish","type":"post","link":"https:\/\/linitiative.ca\/International\/infrastructures-routieres-la-belgique-veut-booster-lacquisition-en-materiel-de-genie-civil\/","title":{"rendered":"Infrastructures routi\u00e8res : la Belgique veut booster l\u2019acquisition en mat\u00e9riel de g\u00e9nie civil"},"content":{"rendered":"<div>\n<p>L\u2019on peut dire qu\u2019il est envisag\u00e9 de jours meilleurs pour le Parc national de mat\u00e9riel de G\u00e9nie civil. Et pour cause l\u2019on apprendra au sortir de l\u2019audience qu\u2019a accord\u00e9e le ministre des Travaux publics (Mintp), Emmanuel\u00a0\u00a0Nganou Djoumessi, \u00e0 l\u2019Ambassadeur de Belgique au Cameroun Eric Jacquemin, que des diligences sont en cours pour la redynamisation dudit parc. C\u2019\u00e9tait le 3 ao\u00fbt 2021. L\u2019on comprend alors bien l\u2019objet de la rencontre entre les deux personnalit\u00e9s, portant\u00a0\u00a0essentiellement sur le secteur routier. \u00ab\u00a0Nous avons r\u00e9it\u00e9r\u00e9, notre projet qui nous tient \u00e9norm\u00e9ment \u00e0 c\u0153ur entre une entreprise Belge et le gouvernement du Cameroun dans le cadre de la r\u00e9fection des routes\u00a0\u00bb, confie l\u2019Ambassadeur Eric Jacquemin.<\/p>\n<p><strong>Lire aussi<\/strong> : <strong><a href=\"https:\/\/ecomatin.net\/dangote-eneo-guinness-qui-sont-les-principaux-beneficiaires-des-ape\/\">Dangote, Eneo, Guinness\u2026 : qui sont les principaux b\u00e9n\u00e9ficiaires des APE ?<\/a><\/strong><\/p>\n<p>Une fois de plus, le Royaume de Belgique a durant les \u00e9changes manifest\u00e9 son int\u00e9r\u00eat et sa vision en ce qui concerne le secteur routier national. Une vision selon laquelle la monarchie vaudrait booster l\u2019acquisition des \u00e9quipements en mat\u00e9riel de g\u00e9nie civil pour le d\u00e9veloppement des infrastructures routi\u00e8res. Chose qui se traduit par une dynamique novatrice selon\u00a0\u00a0Eric Jacquemin\u00a0: \u00ab\u00a0Nous avons une approche diff\u00e9rente. Nous ne sommes pas ici pour imposer nos soci\u00e9t\u00e9s pour faire des travaux, mais au contraire nous sommes ici pour proposer du mat\u00e9riel afin que le Cameroun le fasse en autonomie\u00a0\u00bb.<\/p>\n<p><strong>Lire aussi<\/strong> : <strong><a href=\"https:\/\/ecomatin.net\/le-cameroun-et-la-belgique-veulent-intensifier-leurs-echanges-commerciaux\/\">Le Cameroun et la Belgique veulent intensifier leurs \u00e9changes commerciaux<\/a><\/strong><\/p>\n<p>Au sortir de cette audience, l\u2019on pourrait entrevoir que la balance commerciale entre le Cameroun et la Belgique pourra s\u2019enrichir dans le futur des \u00e9quipements de g\u00e9nie civil. Un \u0153il sur les exportations du Cameroun durant l\u2019ann\u00e9e 2019, renseigne que le pays a import\u00e9 de la Belgique 437\u00a0562 tonnes de marchandises, \u00e0 hauteur de 220,002 milliards de Fcfa.<\/p>\n<p>L\u2019article <a rel=\"nofollow\" href=\"https:\/\/ecomatin.net\/infrastructures-routieress-la-belgique-veut-t-booster-lacquisition-en-materiel-de-genie-civil\/\">Infrastructures routi\u00e8res : la Belgique veut booster l\u2019acquisition en mat\u00e9riel de g\u00e9nie civil<\/a> est apparu en premier sur <a rel=\"nofollow\" href=\"https:\/\/ecomatin.net\/\">EcoMatin<\/a>.<\/p>\n<\/div>\n<p>Auteur: Cindy MBALA<br \/>\n<a href=\"https:\/\/ecomatin.net\/infrastructures-routieress-la-belgique-veut-t-booster-lacquisition-en-materiel-de-genie-civil\/\">Cliquez ici pour lire l&rsquo;article depuis sa source.<\/a><\/p>\n","protected":false},"excerpt":{"rendered":"<p>L\u2019on peut dire qu\u2019il est envisag\u00e9 de jours meilleurs pour le Parc national de mat\u00e9riel de G\u00e9nie civil. Et pour cause l\u2019on apprendra au sortir de l\u2019audience qu\u2019a accord\u00e9e le ministre des Travaux publics (Mintp), Emmanuel\u00a0\u00a0Nganou Djoumessi, \u00e0 l\u2019Ambassadeur de Belgique au Cameroun Eric Jacquemin, que des diligences sont en cours pour la redynamisation dudit [&hellip;]<\/p>\n","protected":false},"author":1969,"featured_media":0,"comment_status":"closed","ping_status":"closed","sticky":false,"template":"","format":"standard","meta":{"fifu_image_url":"","fifu_image_alt":"","footnotes":""},"categories":[82,78],"tags":[],"class_list":["post-123494","post","type-post","status-publish","format-standard","hentry","category-cameroun","category-economie"],"_links":{"self":[{"href":"https:\/\/linitiative.ca\/International\/wp-json\/wp\/v2\/posts\/123494","targetHints":{"allow":["GET"]}}],"collection":[{"href":"https:\/\/linitiative.ca\/International\/wp-json\/wp\/v2\/posts"}],"about":[{"href":"https:\/\/linitiative.ca\/International\/wp-json\/wp\/v2\/types\/post"}],"author":[{"embeddable":true,"href":"https:\/\/linitiative.ca\/International\/wp-json\/wp\/v2\/users\/1969"}],"replies":[{"embeddable":true,"href":"https:\/\/linitiative.ca\/International\/wp-json\/wp\/v2\/comments?post=123494"}],"version-history":[{"count":0,"href":"https:\/\/linitiative.ca\/International\/wp-json\/wp\/v2\/posts\/123494\/revisions"}],"wp:attachment":[{"href":"https:\/\/linitiative.ca\/International\/wp-json\/wp\/v2\/media?parent=123494"}],"wp:term":[{"taxonomy":"category","embeddable":true,"href":"https:\/\/linitiative.ca\/International\/wp-json\/wp\/v2\/categories?post=123494"},{"taxonomy":"post_tag","embeddable":true,"href":"https:\/\/linitiative.ca\/International\/wp-json\/wp\/v2\/tags?post=123494"}],"curies":[{"name":"wp","href":"https:\/\/api.w.org\/{rel}","templated":true}]}}