{"id":123496,"date":"2021-08-06T14:23:10","date_gmt":"2021-08-06T18:23:10","guid":{"rendered":"https:\/\/linitiative.ca\/International\/la-bad-envisage-injecter-219-milliards-de-f-au-port-de-kribi\/"},"modified":"2021-08-06T14:23:10","modified_gmt":"2021-08-06T18:23:10","slug":"la-bad-envisage-injecter-219-milliards-de-f-au-port-de-kribi","status":"publish","type":"post","link":"https:\/\/linitiative.ca\/International\/la-bad-envisage-injecter-219-milliards-de-f-au-port-de-kribi\/","title":{"rendered":"La BAD envisage injecter 219 milliards de F au Port de Kribi"},"content":{"rendered":"<div>\n<p>R\u00e9habilitation du tron\u00e7on Ed\u00e9a-Kribi, am\u00e9nagement de l\u2019axe Lolab\u00e9-Campo et la r\u00e9alisation de projets sociaux connexes au profit des localit\u00e9s de ces deux axes routiers. Voil\u00e0 ce que projette \u00e0 court terme la Banque Afrique de D\u00e9veloppement (BAD) pour le Port Autonome de Kribi (PAK). Pour un\u00a0\u00a0co\u00fbt global de 219 milliards de F.\u00a0Puisque c\u2019est le gouvernement du Cameroun, notamment le minist\u00e8re des Travaux Publics (Mintp) qui est b\u00e9n\u00e9ficiaire des fonds \u00e0 allouer dans le cadre de ces projets routiers, le PAK a de ce fait re\u00e7u une d\u00e9l\u00e9gation mixte BAD\/MINTP, pour une mission dite d\u2019\u00e9valuation du Projet d\u2019Am\u00e9nagement des Routes de D\u00e9senclavement de la Zone Industrialo-portuaire de Kribi (Parzik), du 26 au 28 juillet dernier.\u00a0<\/p>\n<p><strong>Lire aussi<\/strong> : <strong><a href=\"https:\/\/ecomatin.net\/la-bad-veut-inscrire-le-projet-de-rehabilitation-de-la-route-edea-kribi-dans-son-portefeuille\/\">La BAD veut inscrire le projet de r\u00e9habilitation de la route Ed\u00e9a-Kribi dans son portefeuille<\/a><\/strong><\/p>\n<p>La mission conduite\u00a0\u00a0le 26 juillet, par Jean Simon More Ndong, point focal du secteur transports de la BAD au Cameroun a\u00a0\u00a0permis d\u2019effectuer plusieurs haltes sur l\u2019axe Ed\u00e9a-Kribi. En plus d\u2019\u00e9valuer l\u2019\u00e9tat\u00a0de\u00a0la route\u00a0\u00a0dont le niveau\u00a0\u00a0de d\u00e9gradation est visible avec un trafic de plus en plus dense, il a \u00e9galement \u00e9t\u00e9 question pour la BAD de visualiser les sites susceptibles d\u2019abriter les projets sociaux identifi\u00e9s le long du trac\u00e9 : salles de classe ; centres de sant\u00e9 ; forages d\u2019eau ; raccordements \u00e9lectriques ; march\u00e9s ; voiries urbaines,\u00a0etc.<\/p>\n<p><strong>Lire aussi<\/strong> : <strong><a href=\"https:\/\/ecomatin.net\/apres-la-route-edea-kribi-la-bad-veutt-financer-le-projet-t-damenagement-de-laxe-lolabe-campo\/\">Apr\u00e8s la route Ed\u00e9a-Kribi, la BAD veut financer le projet d\u2019am\u00e9nagement de l\u2019axe Lolab\u00e9-Campo<\/a><\/strong><\/p>\n<p>Le mercredi 28 juillet, c\u2019\u00e9tait une journ\u00e9e de discussions avec les parties prenantes. Au PAK, la session pr\u00e9sid\u00e9e par Harouna Bako, Directeur G\u00e9n\u00e9ral Adjoint a permis de passer en revue le Parzik. De m\u00eame que les axes strat\u00e9giques de d\u00e9veloppement du port de Kribi ont \u00e9t\u00e9 pr\u00e9sent\u00e9s au bailleur de fonds, ainsi que des pistes de d\u00e9veloppement d\u2019une coop\u00e9ration structur\u00e9e entre la banque et l\u2019autorit\u00e9 portuaire. Lors de la rencontre avec les \u00e9lus locaux, Jean Simon More Ndong a indiqu\u00e9 que, \u00ab cette mission d\u2019\u00e9valuation constituait l\u2019ultime \u00e9tape d\u2019\u00e9tude, en pr\u00e9lude \u00e0 la pr\u00e9sentation des projets au Conseil d\u2019Administration de la BAD, le 15 septembre prochain. En cas de quitus, suivront alors la s\u00e9lection des entreprises de construction et les passations de march\u00e9s \u00bb, explique le point focal.<\/p>\n<p><strong>Les projets<\/strong><\/p>\n<p>Dans les d\u00e9tails, pour ce qui concerne sp\u00e9cifiquement le\u00a0\u00a0tron\u00e7on Ed\u00e9a-Kribi, pour un co\u00fbt de 94,2 milliards de F, il sera question\u00a0notamment de\u00a0: renforcer les 107 kilom\u00e8tres de chauss\u00e9e existant avec\u00a0une couche additionnelle de 24 cm d\u2019\u00e9paisseur ; de l\u2019\u00e9largir en 2X2 voies avec un terreplein\u00a0central\u00a0;\u00a0de\u00a0construire\u00a0un\u00a0\u00e9changeur\u00a0au\u00a0niveau\u00a0du\u00a0raccordement avec l\u2019autoroute\u00a0Lolab\u00e9-Kribi-Ed\u00e9a.<\/p>\n<p><strong>Lire aussi<\/strong> : <strong><a href=\"https:\/\/ecomatin.net\/la-bad-veut-inscrire-le-projet-de-rehabilitation-de-la-route-edea-kribi-dans-son-portefeuille\/\">La BAD veut inscrire le projet de r\u00e9habilitation de la route Ed\u00e9a-Kribi dans son portefeuille<\/a><\/strong><\/p>\n<p>Sur l\u2019axe Lolab\u00e9-Campo, les travaux d\u2019am\u00e9nagement se chiffrent \u00e0 125,2 milliards de F. Ils porteront principalement sur la reconstruction des ouvrages d\u2019art ; la construction de 40 kilom\u00e8tres de voies\u00a0express\u00a0\u00a0type autoroute\u00a0; les\u00a0\u00a0travaux\u00a0\u00a0de\u00a0\u00a0voiries\u00a0\u00a0urbaines\u00a0; des\u00a0\u00a0am\u00e9nagements sociaux divers. \u00abComme on peut bien le constater, c\u2019est une saison de\u00a0concr\u00e9tisation des intentions\u00a0\u00a0prometteuses\u00a0\u00a0exprim\u00e9es\u00a0\u00a0pr\u00e9c\u00e9demment,\u00a0\u00a0qui\u00a0\u00a0s\u2019annonce\u00a0\u00a0pour\u00a0\u00a0la zone industrialo-portuaire de\u00a0Kribi\u00a0\u00bb, indique les services du PAK.<\/p>\n<p>Rappelons que, c\u2019est la deuxi\u00e8me fois que le PAK accueille la BAD au cours des deux derni\u00e8res ann\u00e9es dans le cadre de l\u2019examen d\u2019une coop\u00e9ration technique et financi\u00e8re \u00e9ventuelle entre les deux parties. \u00ab Ce qui constitue la confirmation de l\u2019engagement de la BAD \u00e0 contribuer de mani\u00e8re d\u00e9cisive \u00e0 la comp\u00e9titivit\u00e9 du Port de Kribi, tout en permettant aux populations riveraines de b\u00e9n\u00e9ficier pleinement des retomb\u00e9es de toutes natures induites par la mont\u00e9e en puissance\u00a0\u00a0 de\u00a0\u00a0 notre\u00a0\u00a0 plateforme\u00a0\u00a0 logistique\u00a0\u00a0 et\u00a0\u00a0 industrielle\u00a0\u00a0 d\u2019envergure internationale \u00bb, note de port de kribi.\u00a0<\/p>\n<p> <strong>Lire aussi<\/strong> : <strong><a href=\"https:\/\/ecomatin.net\/infrastructures-routieres-la-bad-boucle-le-financementt-de-117-milliards-de-la-ring-road\/\">Infrastructures routi\u00e8res : la BAD boucle le financement de 117 milliards de la Ring Road<\/a><\/strong> <\/p>\n<p>Au\u00a0terme\u00a0de\u00a0la\u00a0derni\u00e8re\u00a0visite\u00a0qui\u00a0s\u2019est\u00a0tenue\u00a0en\u00a0mars\u00a02020,\u00a0il\u00a0avait\u00a0\u00e9t\u00e9\u00a0identifi\u00e9 parmi les potentiels axes de coop\u00e9ration, l\u2019appui de la BAD dans la mise en \u0153uvre du Programme d\u2019Accompagnement Socio-Economique de la ville\u00a0de\u00a0Kribi\u00a0(Pasek)\u00a0\u00e9labor\u00e9\u00a0par\u00a0le\u00a0PAK.\u00a0A\u00a0cet\u00a0\u00e9gard,\u00a0la\u00a0BAD\u00a0avait\u00a0\u00e9voqu\u00e9\u00a0la\u00a0possibilit\u00e9 d\u2019une prise en charge de ce programme \u00e0 travers le financement accord\u00e9 \u00e0\u00a0l\u2019Etat\u00a0du\u00a0Cameroun\u00a0pour\u00a0la\u00a0r\u00e9alisation\u00a0du\u00a0Parzik.<\/p>\n<p>L\u2019article <a rel=\"nofollow\" href=\"https:\/\/ecomatin.net\/la-bad-envisage-injecter-219-milliards-de-f-au-port-de-kribi\/\">La BAD envisage injecter 219 milliards de F au Port de Kribi<\/a> est apparu en premier sur <a rel=\"nofollow\" href=\"https:\/\/ecomatin.net\/\">EcoMatin<\/a>.<\/p>\n<\/div>\n<p>Auteur: Amina MALLOUM<br \/>\n<a href=\"https:\/\/ecomatin.net\/la-bad-envisage-injecter-219-milliards-de-f-au-port-de-kribi\/\">Cliquez ici pour lire l&rsquo;article depuis sa source.<\/a><\/p>\n","protected":false},"excerpt":{"rendered":"<p>R\u00e9habilitation du tron\u00e7on Ed\u00e9a-Kribi, am\u00e9nagement de l\u2019axe Lolab\u00e9-Campo et la r\u00e9alisation de projets sociaux connexes au profit des localit\u00e9s de ces deux axes routiers. Voil\u00e0 ce que projette \u00e0 court terme la Banque Afrique de D\u00e9veloppement (BAD) pour le Port Autonome de Kribi (PAK). Pour un\u00a0\u00a0co\u00fbt global de 219 milliards de F.\u00a0Puisque c\u2019est le gouvernement [&hellip;]<\/p>\n","protected":false},"author":1969,"featured_media":0,"comment_status":"closed","ping_status":"closed","sticky":false,"template":"","format":"standard","meta":{"fifu_image_url":"","fifu_image_alt":"","footnotes":""},"categories":[82,78],"tags":[],"class_list":["post-123496","post","type-post","status-publish","format-standard","hentry","category-cameroun","category-economie"],"_links":{"self":[{"href":"https:\/\/linitiative.ca\/International\/wp-json\/wp\/v2\/posts\/123496","targetHints":{"allow":["GET"]}}],"collection":[{"href":"https:\/\/linitiative.ca\/International\/wp-json\/wp\/v2\/posts"}],"about":[{"href":"https:\/\/linitiative.ca\/International\/wp-json\/wp\/v2\/types\/post"}],"author":[{"embeddable":true,"href":"https:\/\/linitiative.ca\/International\/wp-json\/wp\/v2\/users\/1969"}],"replies":[{"embeddable":true,"href":"https:\/\/linitiative.ca\/International\/wp-json\/wp\/v2\/comments?post=123496"}],"version-history":[{"count":0,"href":"https:\/\/linitiative.ca\/International\/wp-json\/wp\/v2\/posts\/123496\/revisions"}],"wp:attachment":[{"href":"https:\/\/linitiative.ca\/International\/wp-json\/wp\/v2\/media?parent=123496"}],"wp:term":[{"taxonomy":"category","embeddable":true,"href":"https:\/\/linitiative.ca\/International\/wp-json\/wp\/v2\/categories?post=123496"},{"taxonomy":"post_tag","embeddable":true,"href":"https:\/\/linitiative.ca\/International\/wp-json\/wp\/v2\/tags?post=123496"}],"curies":[{"name":"wp","href":"https:\/\/api.w.org\/{rel}","templated":true}]}}