{"id":123497,"date":"2021-08-07T06:43:29","date_gmt":"2021-08-07T10:43:29","guid":{"rendered":"https:\/\/linitiative.ca\/International\/covid-19-la-vaccination-elargie-aux-20-ans-et-plus\/"},"modified":"2021-08-07T06:43:29","modified_gmt":"2021-08-07T10:43:29","slug":"covid-19-la-vaccination-elargie-aux-20-ans-et-plus","status":"publish","type":"post","link":"https:\/\/linitiative.ca\/International\/covid-19-la-vaccination-elargie-aux-20-ans-et-plus\/","title":{"rendered":"Covid-19: la vaccination \u00e9largie aux 20 ans et plus"},"content":{"rendered":"<div>\n<p><img decoding=\"async\" width=\"300\" height=\"153\" src=\"https:\/\/linitiative.ca\/International\/wp-content\/uploads\/sites\/23\/2021\/08\/vaccin-covid-300x153-1.jpg\" class=\"attachment-medium size-medium wp-post-image\" alt=\"\" loading=\"lazy\" srcset=\"\/\/aujourdhui.ma\/wp-content\/uploads\/2021\/01\/vaccin-covid-300x153.jpg 300w, \/\/aujourdhui.ma\/wp-content\/uploads\/2021\/01\/vaccin-covid-274x140.jpg 274w, \/\/aujourdhui.ma\/wp-content\/uploads\/2021\/01\/vaccin-covid.jpg 746w, \/\/aujourdhui.ma\/wp-content\/uploads\/2021\/01\/vaccin-covid-165x84.jpg 165w, \/\/aujourdhui.ma\/wp-content\/uploads\/2021\/01\/vaccin-covid-702x358.jpg 702w\" sizes=\"auto, (max-width: 300px) 100vw, 300px\"><\/p>\n<p><span style=\"color: #800000;\"><strong>La cat\u00e9gorie d\u2019\u00e2ge de 20 ans et plus va d\u00e9sormais b\u00e9n\u00e9ficier de la campagne de vaccination anti Covid-19, a annonc\u00e9 samedi le minist\u00e8re de la Sant\u00e9.\u00a0<\/strong><\/span><\/p>\n<p><span id=\"more-383540\"><\/span><\/p>\n<p>Dans un communiqu\u00e9, le minist\u00e8re a soulign\u00e9 que dans le souci d\u2019acc\u00e9l\u00e9rer l\u2019op\u00e9ration de vaccination et de faciliter l\u2019acc\u00e8s au vaccin, les citoyens peuvent se diriger vers le centre de vaccination le plus proche, que ce soit pour la premi\u00e8re ou la deuxi\u00e8me dose, sans prendre en compte les conditions li\u00e9es au lieu et au pays de r\u00e9sidence.<\/p>\n<p>\u00a0<\/p>\n<p>Il appelle en outre l\u2019ensemble des cat\u00e9gories cibl\u00e9es \u00e0 poursuivre l\u2019adh\u00e9sion \u00e0 ce chantier national majeur, tout en se conformant aux mesures de pr\u00e9vention avant et apr\u00e8s l\u2019op\u00e9ration de vaccination, afin de contribuer aux efforts visant \u00e0 endiguer le virus et progresser vers l\u2019immunit\u00e9 collective pour retrouver la vie normale.<\/p>\n<\/div>\n<p>Auteur: ALM<br \/>\n<a href=\"https:\/\/aujourdhui.ma\/societe\/covid-19-la-vaccination-elargie-aux-20-ans-et-plus\">Cliquez ici pour lire l&rsquo;article depuis sa source.<\/a><\/p>\n","protected":false},"excerpt":{"rendered":"<p>La cat\u00e9gorie d\u2019\u00e2ge de 20 ans et plus va d\u00e9sormais b\u00e9n\u00e9ficier de la campagne de vaccination anti Covid-19, a annonc\u00e9 samedi le minist\u00e8re de la Sant\u00e9.\u00a0 Dans un communiqu\u00e9, le minist\u00e8re a soulign\u00e9 que dans le souci d\u2019acc\u00e9l\u00e9rer l\u2019op\u00e9ration de vaccination et de faciliter l\u2019acc\u00e8s au vaccin, les citoyens peuvent se diriger vers le centre [&hellip;]<\/p>\n","protected":false},"author":1759,"featured_media":0,"comment_status":"closed","ping_status":"closed","sticky":false,"template":"","format":"standard","meta":{"fifu_image_url":"https:\/\/aujourdhui.ma\/wp-content\/uploads\/2021\/01\/vaccin-covid-300x153.jpg","fifu_image_alt":"Covid-19: la vaccination \u00e9largie aux 20 ans et plus","footnotes":""},"categories":[73,54],"tags":[],"class_list":["post-123497","post","type-post","status-publish","format-standard","hentry","category-actualite","category-maroc"],"_links":{"self":[{"href":"https:\/\/linitiative.ca\/International\/wp-json\/wp\/v2\/posts\/123497","targetHints":{"allow":["GET"]}}],"collection":[{"href":"https:\/\/linitiative.ca\/International\/wp-json\/wp\/v2\/posts"}],"about":[{"href":"https:\/\/linitiative.ca\/International\/wp-json\/wp\/v2\/types\/post"}],"author":[{"embeddable":true,"href":"https:\/\/linitiative.ca\/International\/wp-json\/wp\/v2\/users\/1759"}],"replies":[{"embeddable":true,"href":"https:\/\/linitiative.ca\/International\/wp-json\/wp\/v2\/comments?post=123497"}],"version-history":[{"count":0,"href":"https:\/\/linitiative.ca\/International\/wp-json\/wp\/v2\/posts\/123497\/revisions"}],"wp:attachment":[{"href":"https:\/\/linitiative.ca\/International\/wp-json\/wp\/v2\/media?parent=123497"}],"wp:term":[{"taxonomy":"category","embeddable":true,"href":"https:\/\/linitiative.ca\/International\/wp-json\/wp\/v2\/categories?post=123497"},{"taxonomy":"post_tag","embeddable":true,"href":"https:\/\/linitiative.ca\/International\/wp-json\/wp\/v2\/tags?post=123497"}],"curies":[{"name":"wp","href":"https:\/\/api.w.org\/{rel}","templated":true}]}}