{"id":123499,"date":"2021-08-07T07:00:18","date_gmt":"2021-08-07T11:00:18","guid":{"rendered":"https:\/\/linitiative.ca\/International\/dans-son-dernier-livre-bouselham-daif-partage-sa-propre-experience-en-theatre\/"},"modified":"2021-08-07T07:00:18","modified_gmt":"2021-08-07T11:00:18","slug":"dans-son-dernier-livre-bouselham-daif-partage-sa-propre-experience-en-theatre","status":"publish","type":"post","link":"https:\/\/linitiative.ca\/International\/dans-son-dernier-livre-bouselham-daif-partage-sa-propre-experience-en-theatre\/","title":{"rendered":"Dans son dernier livre : Bouselham Daif partage sa propre exp\u00e9rience en th\u00e9\u00e2tre"},"content":{"rendered":"<div>\n<p><img decoding=\"async\" width=\"300\" height=\"153\" src=\"https:\/\/linitiative.ca\/International\/wp-content\/uploads\/sites\/23\/2021\/08\/livre-Le-theatre-un-atelier-ouvert-Bouselham-Daif-300x153-1.jpg\" class=\"attachment-medium size-medium wp-post-image\" alt=\"\" loading=\"lazy\" srcset=\"\/\/aujourdhui.ma\/wp-content\/uploads\/2021\/08\/livre-Le-theatre-un-atelier-ouvert-Bouselham-Daif-300x153.jpg 300w, \/\/aujourdhui.ma\/wp-content\/uploads\/2021\/08\/livre-Le-theatre-un-atelier-ouvert-Bouselham-Daif-274x140.jpg 274w, \/\/aujourdhui.ma\/wp-content\/uploads\/2021\/08\/livre-Le-theatre-un-atelier-ouvert-Bouselham-Daif.jpg 746w, \/\/aujourdhui.ma\/wp-content\/uploads\/2021\/08\/livre-Le-theatre-un-atelier-ouvert-Bouselham-Daif-165x84.jpg 165w, \/\/aujourdhui.ma\/wp-content\/uploads\/2021\/08\/livre-Le-theatre-un-atelier-ouvert-Bouselham-Daif-702x358.jpg 702w\" sizes=\"auto, (max-width: 300px) 100vw, 300px\"><\/p>\n<p><span style=\"font-size: 20px; color: #800000;\"><strong>Le dernier livre intitul\u00e9 \u00ab Le th\u00e9\u00e2tre, un atelier ouvert \u00bb du dramaturge marocain, Bouselham Daif, offre une mati\u00e8re int\u00e9ressante sur les planches.<\/strong> <\/span><span id=\"more-383486\"><\/span><\/p>\n<p>Cette publication, r\u00e9alis\u00e9e par la troupe \u00abChamat\u00bb et l\u2019\u00e9tablissement \u00ab Afaq \u00bb pour les \u00e9tudes, l\u2019\u00e9dition et la distribution, \u00e9mane de l\u2019exp\u00e9rience v\u00e9cue de l\u2019auteur. \u00abLors d\u2019une rencontre ouverte, un intervenant m\u2019a pos\u00e9 cette question : que fait le metteur en sc\u00e8ne lors de l\u2019interpr\u00e9tation de sa pi\u00e8ce de th\u00e9\u00e2tre ? \u00bb, raconte-t-il dans la pr\u00e9face de son livre. L\u2019\u00e9crivain trouve que cette question est d\u00e9licate. \u00abLa mission du metteur en sc\u00e8ne prend directement fin apr\u00e8s le d\u00e9but du show. Mais que fait-il en ce moment ?\u00bb, s\u2019interroge, \u00e0 son tour, l\u2019auteur qui estime que le metteur en sc\u00e8ne devient un spectateur, r\u00e9cepteur de son travail. Mieux encore, cette interrogation a pouss\u00e9 M. Daif \u00e0 r\u00e9fl\u00e9chir sur l\u2019\u0153uvre du metteur en sc\u00e8ne et l\u2019essence de son m\u00e9tier.<\/p>\n<p>\u00abLe travail du metteur en sc\u00e8ne est d\u00e9limit\u00e9 en trois espaces\u00bb, d\u00e9taille-t-il. Il s\u2019agit de l\u2019espace du th\u00e9\u00e2tre en prenant connaissance de l\u2019histoire du th\u00e9\u00e2tre, ses techniques et des dessous de ses sp\u00e9cialit\u00e9s. Quant au deuxi\u00e8me espace, il porte sur la connaissance de l\u2019histoire, de la pens\u00e9e, de la soci\u00e9t\u00e9 et l\u2019ouverture sur les diff\u00e9rentes connaissances. Le troisi\u00e8me espace \u00e9tant l\u2019\u00eatre, soit la propre empreinte et la vision personnelle du monde et de l\u2019existence. Pour le dramaturge, ces espaces interagissent en continu dans le parcours du metteur en sc\u00e8ne. \u00abCe livre est le r\u00e9sultat d\u2019une \u00e9coute interne de l\u2019interaction de ces espaces \u00e0 travers des \u00e9crits qui ont parall\u00e8lement accompagn\u00e9 mon exp\u00e9rience en th\u00e9\u00e2tre\u00bb, s\u2019exprime l\u2019\u00e9crivain.<\/p>\n<p>Pour lui, cette exp\u00e9rience est particuli\u00e8re de par son rejet de la description. \u00abCe projet constitue d\u2019autres reflets pour le th\u00e9\u00e2tre d\u2019un c\u00f4t\u00e9 pratique. De l\u2019\u00e9criture \u00e0 l\u2019interpr\u00e9tation en passant par les r\u00e9p\u00e9titions, ce livre cr\u00e9e son propre horizon\u00bb, encha\u00eene-t-il. A son sens, cette publication est un espace pour l\u2019ouverture de l\u2019exp\u00e9rience en th\u00e9\u00e2tre afin d\u2019en r\u00e9v\u00e9ler quelques dessous tout en la partageant avec le lecteur. C\u2019est aussi un espace pour poursuivre le parcours initi\u00e9 par certains metteurs en sc\u00e8ne, r\u00e9fl\u00e9chir \u00e0 propos du th\u00e9\u00e2tre \u00e0 partir du concret. \u00abLe livre est, de plus, un espace pour partager d\u2019autres exp\u00e9riences qui ont influenc\u00e9 ma conception de la pi\u00e8ce de th\u00e9\u00e2tre. C\u2019est un espace qui consid\u00e8re plut\u00f4t que les planches sont un atelier ouvert sur l\u2019autre et dans le temps\u00bb, avance le dramaturge. En tout, ce qui lui importe c\u2019est le parcours qu\u2019il a travers\u00e9. \u00abUne trajectoire \u00e0 ses d\u00e9buts\u00bb, estime-t-il en qualifiant \u00e9galement le th\u00e9\u00e2tre d\u2019atelier \u00abinachev\u00e9\u00bb. \u00abC\u2019est cet inachev\u00e9 et l\u2019ouverture qui font l\u2019essence du th\u00e9\u00e2tre voire sa force\u00bb, avance-t-il.<\/p>\n<p>A propos de la mise en sc\u00e8ne, l\u2019\u00e9crivain indique dans un passage de son livre : \u00abtoute pratique th\u00e9\u00e2trale a besoin d\u2019une conscience th\u00e9orique pour l\u2019appuyer, soit un projet artistique intellectuel\u00bb. \u00abLa mise en sc\u00e8ne n\u2019est pas une r\u00e9alisation technique d\u2019un show th\u00e9\u00e2tral\u00bb, explicite-t-il.<\/p>\n<p>\u00a0<\/p>\n<\/div>\n<p>Auteur: Siham Jadraoui<br \/>\n<a href=\"https:\/\/aujourdhui.ma\/culture\/livre\/dans-son-dernier-livre-bouselham-daif-partage-sa-propre-experience-en-theatre\">Cliquez ici pour lire l&rsquo;article depuis sa source.<\/a><\/p>\n","protected":false},"excerpt":{"rendered":"<p>Le dernier livre intitul\u00e9 \u00ab Le th\u00e9\u00e2tre, un atelier ouvert \u00bb du dramaturge marocain, Bouselham Daif, offre une mati\u00e8re int\u00e9ressante sur les planches. Cette publication, r\u00e9alis\u00e9e par la troupe \u00abChamat\u00bb et l\u2019\u00e9tablissement \u00ab Afaq \u00bb pour les \u00e9tudes, l\u2019\u00e9dition et la distribution, \u00e9mane de l\u2019exp\u00e9rience v\u00e9cue de l\u2019auteur. \u00abLors d\u2019une rencontre ouverte, un intervenant m\u2019a [&hellip;]<\/p>\n","protected":false},"author":1759,"featured_media":0,"comment_status":"closed","ping_status":"closed","sticky":false,"template":"","format":"standard","meta":{"fifu_image_url":"https:\/\/aujourdhui.ma\/wp-content\/uploads\/2021\/08\/livre-Le-theatre-un-atelier-ouvert-Bouselham-Daif-300x153.jpg","fifu_image_alt":"Dans son dernier livre : Bouselham Daif partage sa propre exp\u00e9rience en th\u00e9\u00e2tre","footnotes":""},"categories":[73,54],"tags":[],"class_list":["post-123499","post","type-post","status-publish","format-standard","hentry","category-actualite","category-maroc"],"_links":{"self":[{"href":"https:\/\/linitiative.ca\/International\/wp-json\/wp\/v2\/posts\/123499","targetHints":{"allow":["GET"]}}],"collection":[{"href":"https:\/\/linitiative.ca\/International\/wp-json\/wp\/v2\/posts"}],"about":[{"href":"https:\/\/linitiative.ca\/International\/wp-json\/wp\/v2\/types\/post"}],"author":[{"embeddable":true,"href":"https:\/\/linitiative.ca\/International\/wp-json\/wp\/v2\/users\/1759"}],"replies":[{"embeddable":true,"href":"https:\/\/linitiative.ca\/International\/wp-json\/wp\/v2\/comments?post=123499"}],"version-history":[{"count":0,"href":"https:\/\/linitiative.ca\/International\/wp-json\/wp\/v2\/posts\/123499\/revisions"}],"wp:attachment":[{"href":"https:\/\/linitiative.ca\/International\/wp-json\/wp\/v2\/media?parent=123499"}],"wp:term":[{"taxonomy":"category","embeddable":true,"href":"https:\/\/linitiative.ca\/International\/wp-json\/wp\/v2\/categories?post=123499"},{"taxonomy":"post_tag","embeddable":true,"href":"https:\/\/linitiative.ca\/International\/wp-json\/wp\/v2\/tags?post=123499"}],"curies":[{"name":"wp","href":"https:\/\/api.w.org\/{rel}","templated":true}]}}