{"id":123505,"date":"2021-08-07T10:03:01","date_gmt":"2021-08-07T14:03:01","guid":{"rendered":"https:\/\/linitiative.ca\/International\/covid-19-les-etudiants-ages-de-20-ans-et-plus-appeles-a-se-faire-vacciner-a-partir-de-lundi\/"},"modified":"2021-08-07T10:03:01","modified_gmt":"2021-08-07T14:03:01","slug":"covid-19-les-etudiants-ages-de-20-ans-et-plus-appeles-a-se-faire-vacciner-a-partir-de-lundi","status":"publish","type":"post","link":"https:\/\/linitiative.ca\/International\/covid-19-les-etudiants-ages-de-20-ans-et-plus-appeles-a-se-faire-vacciner-a-partir-de-lundi\/","title":{"rendered":"Covid-19: les \u00e9tudiants \u00e2g\u00e9s de 20 ans et plus appel\u00e9s \u00e0 se faire vacciner \u00e0 partir de lundi"},"content":{"rendered":"<div>\n<p><img decoding=\"async\" width=\"300\" height=\"153\" src=\"https:\/\/linitiative.ca\/International\/wp-content\/uploads\/sites\/23\/2021\/08\/ministere-de-l-Education-nationale-Maroc.jpg\" class=\"attachment-medium size-medium wp-post-image\" alt=\"\" loading=\"lazy\"><\/p>\n<p><span style=\"color: #800000;\"><strong>Le minist\u00e8re de l\u2019\u00c9ducation nationale, de la formation professionnelle, de l\u2019enseignement sup\u00e9rieur et de la recherche scientifique a appel\u00e9, samedi, l\u2019ensemble des \u00e9tudiants et stagiaires de la formation professionnelle \u00e2g\u00e9s de 20 et plus \u00e0 se faire vacciner \u00e0 partir de lundi.<\/strong><\/span><\/p>\n<p><span id=\"more-383544\"><\/span><\/p>\n<p>\u00ab\u00a0Suite \u00e0 l\u2019annonce par le d\u00e9partement de la Sant\u00e9 de l\u2019\u00e9largissement de la vaccination \u00e0 la cat\u00e9gorie d\u2019\u00e2ge de 20 ans et plus et afin que la prochaine rentr\u00e9e universitaire puisse se d\u00e9rouler dans des conditions optimales de s\u00e9curit\u00e9 pour tous, le minist\u00e8re appelle tous les \u00e9tudiants et stagiaires de la formation professionnelle concern\u00e9s \u00e0 se rendre, \u00e0 partir de lundi, au centre de vaccination le plus proche pour b\u00e9n\u00e9ficier de la premi\u00e8re dose sans condition li\u00e9e au lieu de r\u00e9sidence\u00a0\u00bb, a-t-il indiqu\u00e9 dans un communiqu\u00e9.<\/p>\n<p>\u00a0<\/p>\n<p>Le minist\u00e8re exhorte, en outre, les \u00e9tudiants et les cadres p\u00e9dagogiques et administratifs \u00e0 continuer \u00e0 se conformer aux mesures de pr\u00e9vention mises en place par les autorit\u00e9s sanitaires, afin de contribuer \u00e0 la mobilisation collective pour endiguer la propagation de la pand\u00e9mie de Covid-19.<\/p>\n<\/div>\n<p>Auteur: ALM<br \/>\n<a href=\"https:\/\/aujourdhui.ma\/societe\/covid-19-les-etudiants-ages-de-20-ans-et-plus-appeles-a-se-faire-vacciner-a-partir-de-lundi\">Cliquez ici pour lire l&rsquo;article depuis sa source.<\/a><\/p>\n","protected":false},"excerpt":{"rendered":"<p>Le minist\u00e8re de l\u2019\u00c9ducation nationale, de la formation professionnelle, de l\u2019enseignement sup\u00e9rieur et de la recherche scientifique a appel\u00e9, samedi, l\u2019ensemble des \u00e9tudiants et stagiaires de la formation professionnelle \u00e2g\u00e9s de 20 et plus \u00e0 se faire vacciner \u00e0 partir de lundi. \u00ab\u00a0Suite \u00e0 l\u2019annonce par le d\u00e9partement de la Sant\u00e9 de l\u2019\u00e9largissement de la [&hellip;]<\/p>\n","protected":false},"author":1759,"featured_media":0,"comment_status":"closed","ping_status":"closed","sticky":false,"template":"","format":"standard","meta":{"fifu_image_url":"https:\/\/aujourdhui.ma\/wp-content\/uploads\/2016\/02\/ministere-de-l-Education-nationale-Maroc.jpg","fifu_image_alt":"Covid-19: les \u00e9tudiants \u00e2g\u00e9s de 20 ans et plus appel\u00e9s \u00e0 se faire vacciner \u00e0 partir de lundi","footnotes":""},"categories":[73,54],"tags":[],"class_list":["post-123505","post","type-post","status-publish","format-standard","hentry","category-actualite","category-maroc"],"_links":{"self":[{"href":"https:\/\/linitiative.ca\/International\/wp-json\/wp\/v2\/posts\/123505","targetHints":{"allow":["GET"]}}],"collection":[{"href":"https:\/\/linitiative.ca\/International\/wp-json\/wp\/v2\/posts"}],"about":[{"href":"https:\/\/linitiative.ca\/International\/wp-json\/wp\/v2\/types\/post"}],"author":[{"embeddable":true,"href":"https:\/\/linitiative.ca\/International\/wp-json\/wp\/v2\/users\/1759"}],"replies":[{"embeddable":true,"href":"https:\/\/linitiative.ca\/International\/wp-json\/wp\/v2\/comments?post=123505"}],"version-history":[{"count":0,"href":"https:\/\/linitiative.ca\/International\/wp-json\/wp\/v2\/posts\/123505\/revisions"}],"wp:attachment":[{"href":"https:\/\/linitiative.ca\/International\/wp-json\/wp\/v2\/media?parent=123505"}],"wp:term":[{"taxonomy":"category","embeddable":true,"href":"https:\/\/linitiative.ca\/International\/wp-json\/wp\/v2\/categories?post=123505"},{"taxonomy":"post_tag","embeddable":true,"href":"https:\/\/linitiative.ca\/International\/wp-json\/wp\/v2\/tags?post=123505"}],"curies":[{"name":"wp","href":"https:\/\/api.w.org\/{rel}","templated":true}]}}