{"id":123508,"date":"2021-08-07T10:30:00","date_gmt":"2021-08-07T14:30:00","guid":{"rendered":"https:\/\/linitiative.ca\/International\/suspension-de-lalimentation-en-eau-dans-9-communes-dalger\/"},"modified":"2021-08-07T10:30:00","modified_gmt":"2021-08-07T14:30:00","slug":"suspension-de-lalimentation-en-eau-dans-9-communes-dalger","status":"publish","type":"post","link":"https:\/\/linitiative.ca\/International\/suspension-de-lalimentation-en-eau-dans-9-communes-dalger\/","title":{"rendered":"Suspension de l&rsquo;alimentation en eau dans 9 communes d&rsquo;Alger"},"content":{"rendered":"<div>La Soci\u00e9t\u00e9 des eaux et de l&rsquo;assainissement d&rsquo;Alger (Seaal) a annonc\u00e9 samedi la suspension de l&rsquo;alimentation en eau potable dans neuf communes d&rsquo;Alger, en raison de travaux de r\u00e9paration d&rsquo;une canalisation principale de transfert d&rsquo;eau.<\/div>\n<p>Auteur:<br \/>\n<a href=\"https:\/\/www.liberte-algerie.com\/actualite\/suspension-de-lalimentation-en-eau-dans-9-communes-dalger-363008\">Cliquez ici pour lire l&rsquo;article depuis sa source.<\/a><\/p>\n","protected":false},"excerpt":{"rendered":"<p>La Soci\u00e9t\u00e9 des eaux et de l&rsquo;assainissement d&rsquo;Alger (Seaal) a annonc\u00e9 samedi la suspension de l&rsquo;alimentation en eau potable dans neuf communes d&rsquo;Alger, en raison de travaux de r\u00e9paration d&rsquo;une canalisation principale de transfert d&rsquo;eau. Auteur: Cliquez ici pour lire l&rsquo;article depuis sa source.<\/p>\n","protected":false},"author":1742,"featured_media":0,"comment_status":"closed","ping_status":"closed","sticky":false,"template":"","format":"standard","meta":{"fifu_image_url":"","fifu_image_alt":"","footnotes":""},"categories":[73,53],"tags":[],"class_list":["post-123508","post","type-post","status-publish","format-standard","hentry","category-actualite","category-algerie"],"_links":{"self":[{"href":"https:\/\/linitiative.ca\/International\/wp-json\/wp\/v2\/posts\/123508","targetHints":{"allow":["GET"]}}],"collection":[{"href":"https:\/\/linitiative.ca\/International\/wp-json\/wp\/v2\/posts"}],"about":[{"href":"https:\/\/linitiative.ca\/International\/wp-json\/wp\/v2\/types\/post"}],"author":[{"embeddable":true,"href":"https:\/\/linitiative.ca\/International\/wp-json\/wp\/v2\/users\/1742"}],"replies":[{"embeddable":true,"href":"https:\/\/linitiative.ca\/International\/wp-json\/wp\/v2\/comments?post=123508"}],"version-history":[{"count":0,"href":"https:\/\/linitiative.ca\/International\/wp-json\/wp\/v2\/posts\/123508\/revisions"}],"wp:attachment":[{"href":"https:\/\/linitiative.ca\/International\/wp-json\/wp\/v2\/media?parent=123508"}],"wp:term":[{"taxonomy":"category","embeddable":true,"href":"https:\/\/linitiative.ca\/International\/wp-json\/wp\/v2\/categories?post=123508"},{"taxonomy":"post_tag","embeddable":true,"href":"https:\/\/linitiative.ca\/International\/wp-json\/wp\/v2\/tags?post=123508"}],"curies":[{"name":"wp","href":"https:\/\/api.w.org\/{rel}","templated":true}]}}