{"id":123511,"date":"2021-08-07T07:17:45","date_gmt":"2021-08-07T11:17:45","guid":{"rendered":"https:\/\/linitiative.ca\/International\/lensa-de-marrakech-lance-une-filiere-dediee-a-la-cyber-securite\/"},"modified":"2021-08-07T07:17:45","modified_gmt":"2021-08-07T11:17:45","slug":"lensa-de-marrakech-lance-une-filiere-dediee-a-la-cyber-securite","status":"publish","type":"post","link":"https:\/\/linitiative.ca\/International\/lensa-de-marrakech-lance-une-filiere-dediee-a-la-cyber-securite\/","title":{"rendered":"L\u2019ENSA de Marrakech lance une fili\u00e8re d\u00e9di\u00e9e \u00e0 la cyber-s\u00e9curit\u00e9"},"content":{"rendered":"<div>\n<div style=\"margin-bottom:20px;\"><img loading=\"lazy\" decoding=\"async\" width=\"750\" height=\"430\" src=\"https:\/\/linitiative.ca\/International\/wp-content\/uploads\/sites\/23\/2021\/08\/ordinateur-504x300-1.jpg\" class=\"attachment-post-thumbnail size-post-thumbnail wp-post-image\" alt=\"\" srcset=\"https:\/\/linitiative.ca\/International\/wp-content\/uploads\/sites\/23\/2021\/08\/ordinateur-504x300-1.jpg 750w, http:\/\/www.mapmarrakech.ma\/map\/uploads\/2021\/08\/ordinateur-504x300-1-300x172.jpg 300w\" sizes=\"auto, (max-width: 750px) 100vw, 750px\"><\/div>\n<p>La cr\u00e9ation de cette fili\u00e8re au sein de cet \u00e9tablissement d\u2019enseignement sup\u00e9rieur vise \u00e0 former des ing\u00e9nieurs qualifi\u00e9s ayant des solides comp\u00e9tences scientifiques, alliant m\u00e9thodes et techniques de traitement de la s\u00e9curit\u00e9 et de gestion des risque li\u00e9s aux syst\u00e8mes d\u2019information et sachant concevoir des syst\u00e8mes de t\u00e9l\u00e9communications embarqu\u00e9s.<\/p>\n<p>Cette formation \u00e9tal\u00e9e sur 3 ans, soit 6 semestres, vise \u00e0 doter les participants de la connaissance et du savoir-faire de pointe dans le domaine de la cybers\u00e9curit\u00e9.<\/p>\n<p>Elle a aussi pour objectifs un apprentissage des strat\u00e9gies, d\u2019outils et des techniques de cybers\u00e9curit\u00e9 contribuant \u00e0 la protection des donn\u00e9es et des informations en milieu professionnel, une utilisation des m\u00e9thodes de recherche pour enrichir les connaissances en cybers\u00e9curit\u00e9 des participants, afin qu\u2019ils soient en mesure de s\u2019adapter \u00e0 un contexte mondial o\u00f9 les menaces cyber ne cessent d\u2019\u00e9voluer.<\/p>\n<p>Cette formation vise \u00e0 former chaque \u00e9tudiant-ing\u00e9nieur aux m\u00e9thodes et outils permettant de lutter contre la cybercriminalit\u00e9 et les failles des syst\u00e8mes d\u2019information et de traiter les probl\u00e8mes li\u00e9s aux domaines de la s\u00e9curit\u00e9 num\u00e9rique, mais aussi d\u2019impl\u00e9menter des syst\u00e8mes embarqu\u00e9s dans diff\u00e9rents types d\u2019applications (avionique, automobile, \u2026).<\/p>\n<p>Les \u00e9l\u00e8ves-ing\u00e9nieurs compl\u00e8tent leur formation acad\u00e9mique en effectuant des stages pratiques en entreprise au cours du Cycle Ing\u00e9nieur. Chaque ann\u00e9e, ils sont amen\u00e9s \u00e0 effectuer dans des entreprises r\u00e9gionales et nationales, diff\u00e9rents types de stages, qui permettent aux \u00e9l\u00e8ves-ing\u00e9nieurs de participer \u00e0 la vie de l\u2019entreprise d\u2019accueil.<\/p>\n<p>Ces stages offrent \u00e9galement aux \u00e9l\u00e8ves-ing\u00e9nieurs la possibilit\u00e9 d\u2019acqu\u00e9rir une exp\u00e9rience professionnelle dans le domaine de leur sp\u00e9cialit\u00e9.<\/p>\n<p>A l\u2019issue de la formation, les \u00e9tudiants-ing\u00e9nieurs auront acquis les principales connaissances et comp\u00e9tences n\u00e9cessaires pour assurer efficacement la s\u00e9curit\u00e9 des syst\u00e8mes d\u2019information en ma\u00eetrisant les techniques d\u2019attaques, les m\u00e9thodes d\u2019identification des menaces et des failles affectant les applications et les syst\u00e8mes actuels.<\/p>\n<p>The post <a rel=\"nofollow\" href=\"http:\/\/www.mapmarrakech.ma\/fr\/lensa-de-marrakech-lance-une-filiere-dediee-a-la-cyber-securite\/\">L\u2019ENSA de Marrakech lance une fili\u00e8re d\u00e9di\u00e9e \u00e0 la cyber-s\u00e9curit\u00e9<\/a> appeared first on <a rel=\"nofollow\" href=\"http:\/\/www.mapmarrakech.ma\/fr\">MapMarrakech<\/a>.<\/p>\n<\/div>\n<p>Auteur: Meriem IGASS<br \/>\n<a href=\"http:\/\/www.mapmarrakech.ma\/fr\/lensa-de-marrakech-lance-une-filiere-dediee-a-la-cyber-securite\/\">Cliquez ici pour lire l&rsquo;article depuis sa source.<\/a><\/p>\n","protected":false},"excerpt":{"rendered":"<p>La cr\u00e9ation de cette fili\u00e8re au sein de cet \u00e9tablissement d\u2019enseignement sup\u00e9rieur vise \u00e0 former des ing\u00e9nieurs qualifi\u00e9s ayant des solides comp\u00e9tences scientifiques, alliant m\u00e9thodes et techniques de traitement de la s\u00e9curit\u00e9 et de gestion des risque li\u00e9s aux syst\u00e8mes d\u2019information et sachant concevoir des syst\u00e8mes de t\u00e9l\u00e9communications embarqu\u00e9s. Cette formation \u00e9tal\u00e9e sur 3 ans, [&hellip;]<\/p>\n","protected":false},"author":1788,"featured_media":0,"comment_status":"closed","ping_status":"closed","sticky":false,"template":"","format":"standard","meta":{"fifu_image_url":"http:\/\/www.mapmarrakech.ma\/map\/uploads\/2021\/08\/ordinateur-504x300-1.jpg","fifu_image_alt":"L\u2019ENSA de Marrakech lance une fili\u00e8re d\u00e9di\u00e9e \u00e0 la cyber-s\u00e9curit\u00e9","footnotes":""},"categories":[54,76],"tags":[],"class_list":["post-123511","post","type-post","status-publish","format-standard","hentry","category-maroc","category-regions"],"_links":{"self":[{"href":"https:\/\/linitiative.ca\/International\/wp-json\/wp\/v2\/posts\/123511","targetHints":{"allow":["GET"]}}],"collection":[{"href":"https:\/\/linitiative.ca\/International\/wp-json\/wp\/v2\/posts"}],"about":[{"href":"https:\/\/linitiative.ca\/International\/wp-json\/wp\/v2\/types\/post"}],"author":[{"embeddable":true,"href":"https:\/\/linitiative.ca\/International\/wp-json\/wp\/v2\/users\/1788"}],"replies":[{"embeddable":true,"href":"https:\/\/linitiative.ca\/International\/wp-json\/wp\/v2\/comments?post=123511"}],"version-history":[{"count":0,"href":"https:\/\/linitiative.ca\/International\/wp-json\/wp\/v2\/posts\/123511\/revisions"}],"wp:attachment":[{"href":"https:\/\/linitiative.ca\/International\/wp-json\/wp\/v2\/media?parent=123511"}],"wp:term":[{"taxonomy":"category","embeddable":true,"href":"https:\/\/linitiative.ca\/International\/wp-json\/wp\/v2\/categories?post=123511"},{"taxonomy":"post_tag","embeddable":true,"href":"https:\/\/linitiative.ca\/International\/wp-json\/wp\/v2\/tags?post=123511"}],"curies":[{"name":"wp","href":"https:\/\/api.w.org\/{rel}","templated":true}]}}