{"id":123513,"date":"2021-08-07T06:24:16","date_gmt":"2021-08-07T10:24:16","guid":{"rendered":"https:\/\/linitiative.ca\/International\/elections-des-chambres-professionnelles-le-rni-en-tete-avec-638-sieges\/"},"modified":"2021-08-07T06:24:16","modified_gmt":"2021-08-07T10:24:16","slug":"elections-des-chambres-professionnelles-le-rni-en-tete-avec-638-sieges","status":"publish","type":"post","link":"https:\/\/linitiative.ca\/International\/elections-des-chambres-professionnelles-le-rni-en-tete-avec-638-sieges\/","title":{"rendered":"\u00c9lections des Chambres professionnelles: le RNI en t\u00eate avec 638 si\u00e8ges"},"content":{"rendered":"<div>\n<div style=\"margin-bottom:20px;\"><img loading=\"lazy\" decoding=\"async\" width=\"750\" height=\"430\" src=\"https:\/\/linitiative.ca\/International\/wp-content\/uploads\/sites\/23\/2021\/08\/Le-ministre-de-lE28099IntC3A9rieur-Abdelouafi-Laftit-750C397430-MAP.jpg\" class=\"attachment-post-thumbnail size-post-thumbnail wp-post-image\" alt=\"\" srcset=\"https:\/\/linitiative.ca\/International\/wp-content\/uploads\/sites\/23\/2021\/08\/Le-ministre-de-lE28099IntC3A9rieur-Abdelouafi-Laftit-750C397430-MAP.jpg 750w, http:\/\/www.mapoujda.ma\/map\/uploads\/2021\/08\/Le-ministre-de-l\u2019Int\u00e9rieur-Abdelouafi-Laftit-750\u00d7430-MAP-300x172.jpg 300w\" sizes=\"auto, (max-width: 750px) 100vw, 750px\"><\/div>\n<p style=\"text-align: justify;\">Le Rassemblement national des ind\u00e9pendants (RNI) a remport\u00e9 638 si\u00e8ges (28,61 pc) lors des \u00e9lections des Chambres professionnelles, se pla\u00e7ant ainsi en t\u00eate de ce scrutin, qui s\u2019est d\u00e9roul\u00e9 vendredi sur l\u2019ensemble du territoire national, a indiqu\u00e9 le ministre de l\u2019Int\u00e9rieur, M. Abdelouafi Laftit.<\/p>\n<p style=\"text-align: justify;\">Selon les r\u00e9sultats annonc\u00e9s par les bureaux de vote et les bureaux centraux pour les Chambres d\u2019Agriculture, ainsi que les r\u00e9sultats provisoires des \u00e9lections des Chambres de commerce, d\u2019industrie et des services, des Chambres d\u2019artisanat et des chambres des p\u00eaches maritimes, le Parti Authenticit\u00e9 et Modernit\u00e9 (PAM) est arriv\u00e9 en 2\u00e8me position avec 363 si\u00e8ges (16,28 %), suivi par le Parti de l\u2019Istiqlal avec 360 si\u00e8ges (16,14 %).<\/p>\n<p style=\"text-align: justify;\">Viennent ensuite le Mouvement populaire avec 160 si\u00e8ges (7,17 %), l\u2019Union socialiste des forces populaires (USFP) avec 146 si\u00e8ges (6,55 %), l\u2019Union constitutionnelle avec 90 si\u00e8ges (4,04 %), le Parti du progr\u00e8s et du socialisme (PPS) avec 82 si\u00e8ges (3,68 %) et le Parti Justice et D\u00e9veloppement (PJD) avec 49 si\u00e8ges (2,20 %), a ajout\u00e9 M. Laftit dans une d\u00e9claration \u00e0 la presse, en pr\u00e9sence du ministre d\u00e9l\u00e9gu\u00e9 aupr\u00e8s du ministre de l\u2019Int\u00e9rieur, M. Noureddine Boutayeb.<\/p>\n<p style=\"text-align: justify;\">Les autres instances, 23 partis au total, ont obtenu, tous r\u00e9unis, 71 si\u00e8ges (3,18 %), alors que les candidats sans appartenance politique ont remport\u00e9 271 si\u00e8ges (12,15 %), a-t-il not\u00e9.<\/p>\n<p style=\"text-align: justify;\">Le nombre des candidats femmes, \u00e9lues lors des \u00e9lections des chambres professionnelles, qui se sont d\u00e9roul\u00e9es dans des conditions normales, a atteint 171 candidates, soit un taux de 7,67 %, a soulign\u00e9 le ministre de l\u2019Int\u00e9rieur.<\/p>\n<p style=\"text-align: justify;\">Ces r\u00e9sultats, a pr\u00e9cis\u00e9 M. Laftit, sont bas\u00e9s sur les r\u00e9sultats communiqu\u00e9s conform\u00e9ment aux dispositions l\u00e9gislatives en vigueur par les bureaux de vote et les bureaux centraux pour les Chambres de l\u2019Agriculture ainsi que les r\u00e9sultats provisoires des Chambres de commerce, d\u2019industrie et des services, des Chambres d\u2019artisanat et des chambres des p\u00eaches maritimes, en attendant leur confirmation par les commissions de recensement pr\u00e9sid\u00e9es par des juges.<\/p>\n<p style=\"text-align: justify;\">Selon lui, le Royaume s\u2019est engag\u00e9, avec une forte volont\u00e9, dans la pr\u00e9paration des \u00e9ch\u00e9ances \u00e9lectorales pr\u00e9vues cette ann\u00e9e, conform\u00e9ment aux Hautes orientations de SM le Roi Mohammed VI, garant du choix d\u00e9mocratique et protecteur des institutions repr\u00e9sentatives, qui visent \u00e0 consacrer la place du Maroc parmi les pays d\u00e9mocratiques, en harmonie avec les dispositions de la Constitution qui stipule que la l\u00e9gitimit\u00e9 de la repr\u00e9sentativit\u00e9 d\u00e9mocratique puise son fondement dans des \u00e9lections libres et transparentes.<\/p>\n<p style=\"text-align: justify;\">Les pr\u00e9paratifs des \u00e9lections des Chambres professionnelles ainsi que des prochaines \u00e9lections g\u00e9n\u00e9rales interviennent dans un contexte marqu\u00e9 par la mobilisation du Maroc, \u00e0 l\u2019instar de tous les pays du monde, pour faire face \u00e0 la propagation de la pand\u00e9mie de covid-19, avec tout ce que cela exige en termes de mobilisation des moyens financiers et des ressources humaines pour la contenir et en amortir l\u2019impact, a-t-il fait observer.<\/p>\n<p style=\"text-align: justify;\">En d\u00e9pit des contraintes li\u00e9es \u00e0 la gestion des effets de la pand\u00e9mie, le Maroc a encore une fois donn\u00e9 l\u2019exemple, de par sa remarquable capacit\u00e9 de relever les grands d\u00e9fis et sa forte d\u00e9termination \u00e0 poursuivre le processus d\u2019\u00e9dification et de consolidation du socle institutionnel et d\u00e9mocratique, a poursuivi M. Laftit, soutenant que cela s\u2019est traduit aujourd\u2019hui en r\u00e9alit\u00e9 avec la tenue des \u00e9lections des Chambres professionnelles conform\u00e9ment au calendrier fix\u00e9 et dans les meilleures conditions organisationnelles.<\/p>\n<p>L\u2019article <a rel=\"nofollow\" href=\"http:\/\/www.mapoujda.ma\/fr\/elections-des-chambres-professionnelles-le-rni-en-tete-avec-638-sieges\/\">\u00c9lections des Chambres professionnelles: le RNI en t\u00eate avec 638 si\u00e8ges<\/a> est apparu en premier sur <a rel=\"nofollow\" href=\"http:\/\/www.mapoujda.ma\/fr\">MapOujda<\/a>.<\/p>\n<\/div>\n<p>Auteur: Soufiane ELAHMAR<br \/>\n<a href=\"http:\/\/www.mapoujda.ma\/fr\/elections-des-chambres-professionnelles-le-rni-en-tete-avec-638-sieges\/\">Cliquez ici pour lire l&rsquo;article depuis sa source.<\/a><\/p>\n","protected":false},"excerpt":{"rendered":"<p>Le Rassemblement national des ind\u00e9pendants (RNI) a remport\u00e9 638 si\u00e8ges (28,61 pc) lors des \u00e9lections des Chambres professionnelles, se pla\u00e7ant ainsi en t\u00eate de ce scrutin, qui s\u2019est d\u00e9roul\u00e9 vendredi sur l\u2019ensemble du territoire national, a indiqu\u00e9 le ministre de l\u2019Int\u00e9rieur, M. Abdelouafi Laftit. Selon les r\u00e9sultats annonc\u00e9s par les bureaux de vote et les [&hellip;]<\/p>\n","protected":false},"author":1788,"featured_media":0,"comment_status":"closed","ping_status":"closed","sticky":false,"template":"","format":"standard","meta":{"fifu_image_url":"http:\/\/www.mapoujda.ma\/map\/uploads\/2021\/08\/Le-ministre-de-l\u2019Int\u00e9rieur-Abdelouafi-Laftit-750\u00d7430-MAP.jpg","fifu_image_alt":"\u00c9lections des Chambres professionnelles: le RNI en t\u00eate avec 638 si\u00e8ges","footnotes":""},"categories":[54,76],"tags":[],"class_list":["post-123513","post","type-post","status-publish","format-standard","hentry","category-maroc","category-regions"],"_links":{"self":[{"href":"https:\/\/linitiative.ca\/International\/wp-json\/wp\/v2\/posts\/123513","targetHints":{"allow":["GET"]}}],"collection":[{"href":"https:\/\/linitiative.ca\/International\/wp-json\/wp\/v2\/posts"}],"about":[{"href":"https:\/\/linitiative.ca\/International\/wp-json\/wp\/v2\/types\/post"}],"author":[{"embeddable":true,"href":"https:\/\/linitiative.ca\/International\/wp-json\/wp\/v2\/users\/1788"}],"replies":[{"embeddable":true,"href":"https:\/\/linitiative.ca\/International\/wp-json\/wp\/v2\/comments?post=123513"}],"version-history":[{"count":0,"href":"https:\/\/linitiative.ca\/International\/wp-json\/wp\/v2\/posts\/123513\/revisions"}],"wp:attachment":[{"href":"https:\/\/linitiative.ca\/International\/wp-json\/wp\/v2\/media?parent=123513"}],"wp:term":[{"taxonomy":"category","embeddable":true,"href":"https:\/\/linitiative.ca\/International\/wp-json\/wp\/v2\/categories?post=123513"},{"taxonomy":"post_tag","embeddable":true,"href":"https:\/\/linitiative.ca\/International\/wp-json\/wp\/v2\/tags?post=123513"}],"curies":[{"name":"wp","href":"https:\/\/api.w.org\/{rel}","templated":true}]}}