{"id":123515,"date":"2021-08-07T06:27:54","date_gmt":"2021-08-07T10:27:54","guid":{"rendered":"https:\/\/linitiative.ca\/International\/elections-des-chambres-professionnelles-le-taux-de-participation-seleve-a-4724\/"},"modified":"2021-08-07T06:27:54","modified_gmt":"2021-08-07T10:27:54","slug":"elections-des-chambres-professionnelles-le-taux-de-participation-seleve-a-4724","status":"publish","type":"post","link":"https:\/\/linitiative.ca\/International\/elections-des-chambres-professionnelles-le-taux-de-participation-seleve-a-4724\/","title":{"rendered":"\u00c9lections des Chambres professionnelles: Le taux de participation s\u2019\u00e9l\u00e8ve \u00e0 47,24%"},"content":{"rendered":"<div>\n<div style=\"margin-bottom:20px;\"><img loading=\"lazy\" decoding=\"async\" width=\"750\" height=\"430\" src=\"https:\/\/linitiative.ca\/International\/wp-content\/uploads\/sites\/23\/2021\/08\/Abdelouafi-Laftit-annonce-les-rC3A9sultats-provisoires-des-C3A9lections-des-chambres-professionnelles-750C397430-MAP.jpg\" class=\"attachment-post-thumbnail size-post-thumbnail wp-post-image\" alt=\"\" srcset=\"https:\/\/linitiative.ca\/International\/wp-content\/uploads\/sites\/23\/2021\/08\/Abdelouafi-Laftit-annonce-les-rC3A9sultats-provisoires-des-C3A9lections-des-chambres-professionnelles-750C397430-MAP.jpg 750w, http:\/\/www.mapoujda.ma\/map\/uploads\/2021\/08\/Abdelouafi-Laftit-annonce-les-r\u00e9sultats-provisoires-des-\u00e9lections-des-chambres-professionnelles-750\u00d7430-MAP-300x172.jpg 300w\" sizes=\"auto, (max-width: 750px) 100vw, 750px\"><\/div>\n<p style=\"text-align: justify;\">Le taux de participation aux \u00e9lections des Chambres professionnelles, organis\u00e9es vendredi sur l\u2019ensemble du territoire national, a atteint 47,24 pc, contre 43 pc en 2015, a annonc\u00e9 le ministre de l\u2019Int\u00e9rieur, M. Abdelouafi Laftit.<\/p>\n<p style=\"text-align: justify;\">\u00ab\u00a0Ces \u00e9lections ont \u00e9t\u00e9 marqu\u00e9es par la participation de 882.736 \u00e9lecteurs et \u00e9lectrices, soit 47,24 % du corps \u00e9lectoral professionnel, contre 43 % en 2015\u00a0\u00bb, a dit le ministre dans une d\u00e9claration \u00e0 la presse, en pr\u00e9sence du ministre d\u00e9l\u00e9gu\u00e9 aupr\u00e8s du ministre de l\u2019Int\u00e9rieur, M. Noureddine Boutayeb.<\/p>\n<p style=\"text-align: justify;\">Le ministre a pr\u00e9cis\u00e9 que les \u00e9lections des Chambres des p\u00eaches maritimes se sont distingu\u00e9es au niveau du taux de participation avec 61,65 %.<\/p>\n<p style=\"text-align: justify;\">En pr\u00e9paration de ces \u00e9lections, a soulign\u00e9 M. Laftit, les listes \u00e9lectorales professionnelles ont fait l\u2019objet d\u2019une op\u00e9ration de r\u00e9vision exceptionnelle qui a donn\u00e9 lieu \u00e0 un corps \u00e9lectoral professionnel de 1.866.790 \u00e9lecteurs et \u00e9lectrices, en hausse de 6,34 % comparativement au scrutin de 2015.<\/p>\n<p style=\"text-align: justify;\">Au total, 7.178 bureaux de vote ont \u00e9t\u00e9 mis en place, dont 5.179 pour les \u00e9lections des Chambres d\u2019Agriculture, 982 pour les Chambres de commerce, d\u2019industrie et des services, 912 pour les Chambres d\u2019artisanat et 105 pour les Chambres des p\u00eaches maritimes, dans le but d\u2019accueillir les voix des \u00e9lecteurs et \u00e9lectrices, en tenant compte de leur r\u00e9partition g\u00e9ographique ainsi que celle des activit\u00e9s professionnelles, partant du souci de rapprocher les urnes des professionnels pour qu\u2019ils puissent exercer leur droit de vote dans les meilleures conditions.<\/p>\n<p style=\"text-align: justify;\">Dans le but d\u2019encadrer l\u2019op\u00e9ration de vote de la mani\u00e8re la plus appropri\u00e9e, a poursuivi M. Laftit, 43.068 personnes ont \u00e9t\u00e9 mobilis\u00e9es pour les missions de pr\u00e9sidents des bureaux de vote, ou de la participation \u00e0 leur formation ou encore de la contribution \u00e0 leur gestion.<\/p>\n<p>L\u2019article <a rel=\"nofollow\" href=\"http:\/\/www.mapoujda.ma\/fr\/elections-des-chambres-professionnelles-le-taux-de-participation-seleve-a-4724\/\">\u00c9lections des Chambres professionnelles: Le taux de participation s\u2019\u00e9l\u00e8ve \u00e0 47,24%<\/a> est apparu en premier sur <a rel=\"nofollow\" href=\"http:\/\/www.mapoujda.ma\/fr\">MapOujda<\/a>.<\/p>\n<\/div>\n<p>Auteur: Soufiane ELAHMAR<br \/>\n<a href=\"http:\/\/www.mapoujda.ma\/fr\/elections-des-chambres-professionnelles-le-taux-de-participation-seleve-a-4724\/\">Cliquez ici pour lire l&rsquo;article depuis sa source.<\/a><\/p>\n","protected":false},"excerpt":{"rendered":"<p>Le taux de participation aux \u00e9lections des Chambres professionnelles, organis\u00e9es vendredi sur l\u2019ensemble du territoire national, a atteint 47,24 pc, contre 43 pc en 2015, a annonc\u00e9 le ministre de l\u2019Int\u00e9rieur, M. Abdelouafi Laftit. \u00ab\u00a0Ces \u00e9lections ont \u00e9t\u00e9 marqu\u00e9es par la participation de 882.736 \u00e9lecteurs et \u00e9lectrices, soit 47,24 % du corps \u00e9lectoral professionnel, contre [&hellip;]<\/p>\n","protected":false},"author":1788,"featured_media":0,"comment_status":"closed","ping_status":"closed","sticky":false,"template":"","format":"standard","meta":{"fifu_image_url":"http:\/\/www.mapoujda.ma\/map\/uploads\/2021\/08\/Abdelouafi-Laftit-annonce-les-r\u00e9sultats-provisoires-des-\u00e9lections-des-chambres-professionnelles-750\u00d7430-MAP.jpg","fifu_image_alt":"\u00c9lections des Chambres professionnelles: Le taux de participation s\u2019\u00e9l\u00e8ve \u00e0 47,24%","footnotes":""},"categories":[54,76],"tags":[],"class_list":["post-123515","post","type-post","status-publish","format-standard","hentry","category-maroc","category-regions"],"_links":{"self":[{"href":"https:\/\/linitiative.ca\/International\/wp-json\/wp\/v2\/posts\/123515","targetHints":{"allow":["GET"]}}],"collection":[{"href":"https:\/\/linitiative.ca\/International\/wp-json\/wp\/v2\/posts"}],"about":[{"href":"https:\/\/linitiative.ca\/International\/wp-json\/wp\/v2\/types\/post"}],"author":[{"embeddable":true,"href":"https:\/\/linitiative.ca\/International\/wp-json\/wp\/v2\/users\/1788"}],"replies":[{"embeddable":true,"href":"https:\/\/linitiative.ca\/International\/wp-json\/wp\/v2\/comments?post=123515"}],"version-history":[{"count":0,"href":"https:\/\/linitiative.ca\/International\/wp-json\/wp\/v2\/posts\/123515\/revisions"}],"wp:attachment":[{"href":"https:\/\/linitiative.ca\/International\/wp-json\/wp\/v2\/media?parent=123515"}],"wp:term":[{"taxonomy":"category","embeddable":true,"href":"https:\/\/linitiative.ca\/International\/wp-json\/wp\/v2\/categories?post=123515"},{"taxonomy":"post_tag","embeddable":true,"href":"https:\/\/linitiative.ca\/International\/wp-json\/wp\/v2\/tags?post=123515"}],"curies":[{"name":"wp","href":"https:\/\/api.w.org\/{rel}","templated":true}]}}