{"id":123517,"date":"2021-08-07T10:51:35","date_gmt":"2021-08-07T14:51:35","guid":{"rendered":"https:\/\/linitiative.ca\/International\/oriental-le-rni-en-tete-des-elections-des-chambres-professionnelles\/"},"modified":"2021-08-07T10:51:35","modified_gmt":"2021-08-07T14:51:35","slug":"oriental-le-rni-en-tete-des-elections-des-chambres-professionnelles","status":"publish","type":"post","link":"https:\/\/linitiative.ca\/International\/oriental-le-rni-en-tete-des-elections-des-chambres-professionnelles\/","title":{"rendered":"Oriental : le RNI en t\u00eate des \u00e9lections des Chambres professionnelles"},"content":{"rendered":"<div>\n<div style=\"margin-bottom:20px;\"><img loading=\"lazy\" decoding=\"async\" width=\"750\" height=\"430\" src=\"https:\/\/linitiative.ca\/International\/wp-content\/uploads\/sites\/23\/2021\/08\/Les-C3A9lections-des-chambres-professionnelles-C3A0-lOriental-750C397430-MAP.jpg\" class=\"attachment-post-thumbnail size-post-thumbnail wp-post-image\" alt=\"\" srcset=\"https:\/\/linitiative.ca\/International\/wp-content\/uploads\/sites\/23\/2021\/08\/Les-C3A9lections-des-chambres-professionnelles-C3A0-lOriental-750C397430-MAP.jpg 750w, http:\/\/www.mapoujda.ma\/map\/uploads\/2021\/08\/Les-\u00e9lections-des-chambres-professionnelles-\u00e0-lOriental-750\u00d7430-MAP-300x172.jpg 300w\" sizes=\"auto, (max-width: 750px) 100vw, 750px\"><\/div>\n<div>\n<p style=\"text-align: justify;\">Le Rassemblement National des Ind\u00e9pendants (RNI) est arriv\u00e9 en t\u00eate des \u00e9lections des Chambres professionnelles au niveau de la r\u00e9gion de l\u2019Oriental, selon les r\u00e9sultats annonc\u00e9s samedi.<\/p>\n<p style=\"text-align: justify;\">Au niveau de la Chambre r\u00e9gionale d\u2019Agriculture, le RNI a remport\u00e9 18 si\u00e8ges sur les 52 que compte la chambre, dont trois consacr\u00e9s aux femmes, au niveau de 49 circonscriptions \u00e9lectorales.<\/p>\n<p style=\"text-align: justify;\">Le Parti Authenticit\u00e9 et Modernit\u00e9 (PAM) et arriv\u00e9 en 2\u00e8me position avec 17 si\u00e8ges, suivi du Parti de l\u2019Istiqlal (PI) avec 11 si\u00e8ges, du Parti du Progr\u00e8s et du Socialisme (PPS) avec 3 si\u00e8ges, du Mouvement Populaire (MP) avec 2 si\u00e8ges et de l\u2019Union Socialiste des Forces Populaires (USFP) avec un si\u00e8ge.<\/p>\n<p style=\"text-align: justify;\">A noter que le nombre des votants a atteint 41.637, soit un taux de participation de 46,58 pc.<\/p>\n<p style=\"text-align: justify;\">Pour ce qui est de la Chambre du commerce, d\u2019industrie et des services, elle totalise 61 si\u00e8ges r\u00e9partis sur 8 circonscriptions \u00e9lectorales, avec un total de 24.001 \u00e9lecteurs inscrits. Le taux de participation aux \u00e9lections s\u2019est \u00e9tabli \u00e0 40,36 pc.<\/p>\n<p style=\"text-align: justify;\">Le RNI a d\u00e9croch\u00e9 19 si\u00e8ges, suivi du PAM (16 si\u00e8ges), des Sans appartenance politique (SAP, 9 si\u00e8ges), du PI (6 si\u00e8ges) et du MP (3 si\u00e8ges).<\/p>\n<p style=\"text-align: justify;\">Arrivent ensuite le PPS et le Parti Justice et D\u00e9veloppement (PJD) avec deux si\u00e8ges chacun, suivis par l\u2019USFP, le parti du Mouvement D\u00e9mocratique et Social (MDS), le parti Annahda et le Parti Socialiste Unifi\u00e9 (PSU) avec un si\u00e8ge chacun.<\/p>\n<p style=\"text-align: justify;\">Concernant la Chambre de l\u2019artisanat, le RNI a remport\u00e9 12 si\u00e8ges sur un total de 39 si\u00e8ges r\u00e9partis sur 8 circonscriptions \u00e9lectorales, qui totalisaient 20.516 \u00e9lecteurs inscrits. Le scrutin a enregistr\u00e9 un taux de participation de 41,89 pc.<\/p>\n<p style=\"text-align: justify;\">Le PAM est arriv\u00e9 en deuxi\u00e8me position avec 8 si\u00e8ges, suivi du PI et du MP avec 5 si\u00e8ges chacun, puis des SAP et de l\u2019USFP avec 3 si\u00e8ges chacun.<\/p>\n<p style=\"text-align: justify;\">De leur c\u00f4t\u00e9, le PJD, le MDS et le Parti Marocain Libre ont obtenu un si\u00e8ge chacun.<\/p>\n<p style=\"text-align: justify;\">Sur le plan national, le RNI a remport\u00e9 638 si\u00e8ges (28,61 %) pour se placer en t\u00eate des \u00e9lections des Chambres professionnelles, avait indiqu\u00e9 le ministre de l\u2019Int\u00e9rieur, M. Abdelouafi Laftit.<\/p>\n<p style=\"text-align: justify;\">Le Parti Authenticit\u00e9 et Modernit\u00e9 (PAM) est arriv\u00e9 en 2\u00e8me position avec 363 si\u00e8ges (16,28 %), suivi par le Parti de l\u2019Istiqlal avec 360 si\u00e8ges (16,14 %).<\/p>\n<\/div>\n<p>L\u2019article <a rel=\"nofollow\" href=\"http:\/\/www.mapoujda.ma\/fr\/oriental-le-rni-en-tete-des-elections-des-chambres-professionnelles\/\">Oriental : le RNI en t\u00eate des \u00e9lections des Chambres professionnelles<\/a> est apparu en premier sur <a rel=\"nofollow\" href=\"http:\/\/www.mapoujda.ma\/fr\">MapOujda<\/a>.<\/p>\n<\/div>\n<p>Auteur: Soufiane ELAHMAR<br \/>\n<a href=\"http:\/\/www.mapoujda.ma\/fr\/oriental-le-rni-en-tete-des-elections-des-chambres-professionnelles\/\">Cliquez ici pour lire l&rsquo;article depuis sa source.<\/a><\/p>\n","protected":false},"excerpt":{"rendered":"<p>Le Rassemblement National des Ind\u00e9pendants (RNI) est arriv\u00e9 en t\u00eate des \u00e9lections des Chambres professionnelles au niveau de la r\u00e9gion de l\u2019Oriental, selon les r\u00e9sultats annonc\u00e9s samedi. Au niveau de la Chambre r\u00e9gionale d\u2019Agriculture, le RNI a remport\u00e9 18 si\u00e8ges sur les 52 que compte la chambre, dont trois consacr\u00e9s aux femmes, au niveau de [&hellip;]<\/p>\n","protected":false},"author":1788,"featured_media":0,"comment_status":"closed","ping_status":"closed","sticky":false,"template":"","format":"standard","meta":{"fifu_image_url":"http:\/\/www.mapoujda.ma\/map\/uploads\/2021\/08\/Les-\u00e9lections-des-chambres-professionnelles-\u00e0-lOriental-750\u00d7430-MAP.jpg","fifu_image_alt":"Oriental : le RNI en t\u00eate des \u00e9lections des Chambres professionnelles","footnotes":""},"categories":[54,76],"tags":[],"class_list":["post-123517","post","type-post","status-publish","format-standard","hentry","category-maroc","category-regions"],"_links":{"self":[{"href":"https:\/\/linitiative.ca\/International\/wp-json\/wp\/v2\/posts\/123517","targetHints":{"allow":["GET"]}}],"collection":[{"href":"https:\/\/linitiative.ca\/International\/wp-json\/wp\/v2\/posts"}],"about":[{"href":"https:\/\/linitiative.ca\/International\/wp-json\/wp\/v2\/types\/post"}],"author":[{"embeddable":true,"href":"https:\/\/linitiative.ca\/International\/wp-json\/wp\/v2\/users\/1788"}],"replies":[{"embeddable":true,"href":"https:\/\/linitiative.ca\/International\/wp-json\/wp\/v2\/comments?post=123517"}],"version-history":[{"count":0,"href":"https:\/\/linitiative.ca\/International\/wp-json\/wp\/v2\/posts\/123517\/revisions"}],"wp:attachment":[{"href":"https:\/\/linitiative.ca\/International\/wp-json\/wp\/v2\/media?parent=123517"}],"wp:term":[{"taxonomy":"category","embeddable":true,"href":"https:\/\/linitiative.ca\/International\/wp-json\/wp\/v2\/categories?post=123517"},{"taxonomy":"post_tag","embeddable":true,"href":"https:\/\/linitiative.ca\/International\/wp-json\/wp\/v2\/tags?post=123517"}],"curies":[{"name":"wp","href":"https:\/\/api.w.org\/{rel}","templated":true}]}}