{"id":123519,"date":"2021-08-07T10:12:39","date_gmt":"2021-08-07T14:12:39","guid":{"rendered":"https:\/\/linitiative.ca\/International\/region-de-rabat-le-rni-en-tete-aux-elections-des-chambres-professionnelles\/"},"modified":"2021-08-07T10:12:39","modified_gmt":"2021-08-07T14:12:39","slug":"region-de-rabat-le-rni-en-tete-aux-elections-des-chambres-professionnelles","status":"publish","type":"post","link":"https:\/\/linitiative.ca\/International\/region-de-rabat-le-rni-en-tete-aux-elections-des-chambres-professionnelles\/","title":{"rendered":"R\u00e9gion de Rabat : Le RNI en t\u00eate aux \u00e9lections des chambres professionnelles"},"content":{"rendered":"<div>\n<div class=\"field field-name-body field-type-text-with-summary field-label-hidden\">\n<div class=\"field-items\">\n<div class=\"field-item even\" property=\"content:encoded\">\n<p class=\"rtejustify\">Selon les r\u00e9sultats provisoires annonc\u00e9s hier au niveau de la wilaya de la r\u00e9gion de Rabat-Sal\u00e9-K\u00e9nitra, \u00ab le Rassemblement national des ind\u00e9pendants (RNI) est arriv\u00e9 en premi\u00e8re position \u00e0 l&rsquo;\u00e9chelle de la r\u00e9gion aux \u00e9lections des chambres professionnelles avec 68 si\u00e8ges \u00bb.<\/p>\n<\/div>\n<\/div>\n<\/div>\n<\/div>\n<p>Auteur: mbasraoui<br \/>\n<a href=\"https:\/\/www.leconomiste.com\/flash-infos\/region-de-rabat-le-rni-en-tete-aux-elections-des-chambres-professionnelles\">Cliquez ici pour lire l&rsquo;article depuis sa source.<\/a><\/p>\n","protected":false},"excerpt":{"rendered":"<p>Selon les r\u00e9sultats provisoires annonc\u00e9s hier au niveau de la wilaya de la r\u00e9gion de Rabat-Sal\u00e9-K\u00e9nitra, \u00ab le Rassemblement national des ind\u00e9pendants (RNI) est arriv\u00e9 en premi\u00e8re position \u00e0 l&rsquo;\u00e9chelle de la r\u00e9gion aux \u00e9lections des chambres professionnelles avec 68 si\u00e8ges \u00bb. Auteur: mbasraoui Cliquez ici pour lire l&rsquo;article depuis sa source.<\/p>\n","protected":false},"author":1763,"featured_media":0,"comment_status":"closed","ping_status":"closed","sticky":false,"template":"","format":"standard","meta":{"fifu_image_url":"","fifu_image_alt":"","footnotes":""},"categories":[78,54],"tags":[],"class_list":["post-123519","post","type-post","status-publish","format-standard","hentry","category-economie","category-maroc"],"_links":{"self":[{"href":"https:\/\/linitiative.ca\/International\/wp-json\/wp\/v2\/posts\/123519","targetHints":{"allow":["GET"]}}],"collection":[{"href":"https:\/\/linitiative.ca\/International\/wp-json\/wp\/v2\/posts"}],"about":[{"href":"https:\/\/linitiative.ca\/International\/wp-json\/wp\/v2\/types\/post"}],"author":[{"embeddable":true,"href":"https:\/\/linitiative.ca\/International\/wp-json\/wp\/v2\/users\/1763"}],"replies":[{"embeddable":true,"href":"https:\/\/linitiative.ca\/International\/wp-json\/wp\/v2\/comments?post=123519"}],"version-history":[{"count":0,"href":"https:\/\/linitiative.ca\/International\/wp-json\/wp\/v2\/posts\/123519\/revisions"}],"wp:attachment":[{"href":"https:\/\/linitiative.ca\/International\/wp-json\/wp\/v2\/media?parent=123519"}],"wp:term":[{"taxonomy":"category","embeddable":true,"href":"https:\/\/linitiative.ca\/International\/wp-json\/wp\/v2\/categories?post=123519"},{"taxonomy":"post_tag","embeddable":true,"href":"https:\/\/linitiative.ca\/International\/wp-json\/wp\/v2\/tags?post=123519"}],"curies":[{"name":"wp","href":"https:\/\/api.w.org\/{rel}","templated":true}]}}