{"id":123520,"date":"2021-08-07T10:18:15","date_gmt":"2021-08-07T14:18:15","guid":{"rendered":"https:\/\/linitiative.ca\/International\/le-men-exhorte-les-etudiants-a-se-faire-vacciner\/"},"modified":"2021-08-07T10:18:15","modified_gmt":"2021-08-07T14:18:15","slug":"le-men-exhorte-les-etudiants-a-se-faire-vacciner","status":"publish","type":"post","link":"https:\/\/linitiative.ca\/International\/le-men-exhorte-les-etudiants-a-se-faire-vacciner\/","title":{"rendered":"Le MEN exhorte les \u00e9tudiants \u00e0 se faire vacciner"},"content":{"rendered":"<div>\n<div class=\"field field-name-body field-type-text-with-summary field-label-hidden\">\n<div class=\"field-items\">\n<div class=\"field-item even\" property=\"content:encoded\">\n<p>Le minist\u00e8re de l\u2019\u00c9ducation nationale, de la formation professionnelle, de l&rsquo;enseignement sup\u00e9rieur et de la recherche scientifique a appel\u00e9, samedi, l&rsquo;ensemble des \u00e9tudiants et stagiaires de la formation professionnelle \u00e2g\u00e9s de 20 et plus \u00e0 se faire vacciner \u00e0 partir de lundi.<\/p>\n<\/div>\n<\/div>\n<\/div>\n<\/div>\n<p>Auteur: mbasraoui<br \/>\n<a href=\"https:\/\/www.leconomiste.com\/flash-infos\/le-men-exhorte-les-etudiants-se-faire-vacciner\">Cliquez ici pour lire l&rsquo;article depuis sa source.<\/a><\/p>\n","protected":false},"excerpt":{"rendered":"<p>Le minist\u00e8re de l\u2019\u00c9ducation nationale, de la formation professionnelle, de l&rsquo;enseignement sup\u00e9rieur et de la recherche scientifique a appel\u00e9, samedi, l&rsquo;ensemble des \u00e9tudiants et stagiaires de la formation professionnelle \u00e2g\u00e9s de 20 et plus \u00e0 se faire vacciner \u00e0 partir de lundi. Auteur: mbasraoui Cliquez ici pour lire l&rsquo;article depuis sa source.<\/p>\n","protected":false},"author":1763,"featured_media":0,"comment_status":"closed","ping_status":"closed","sticky":false,"template":"","format":"standard","meta":{"fifu_image_url":"","fifu_image_alt":"","footnotes":""},"categories":[78,54],"tags":[],"class_list":["post-123520","post","type-post","status-publish","format-standard","hentry","category-economie","category-maroc"],"_links":{"self":[{"href":"https:\/\/linitiative.ca\/International\/wp-json\/wp\/v2\/posts\/123520","targetHints":{"allow":["GET"]}}],"collection":[{"href":"https:\/\/linitiative.ca\/International\/wp-json\/wp\/v2\/posts"}],"about":[{"href":"https:\/\/linitiative.ca\/International\/wp-json\/wp\/v2\/types\/post"}],"author":[{"embeddable":true,"href":"https:\/\/linitiative.ca\/International\/wp-json\/wp\/v2\/users\/1763"}],"replies":[{"embeddable":true,"href":"https:\/\/linitiative.ca\/International\/wp-json\/wp\/v2\/comments?post=123520"}],"version-history":[{"count":0,"href":"https:\/\/linitiative.ca\/International\/wp-json\/wp\/v2\/posts\/123520\/revisions"}],"wp:attachment":[{"href":"https:\/\/linitiative.ca\/International\/wp-json\/wp\/v2\/media?parent=123520"}],"wp:term":[{"taxonomy":"category","embeddable":true,"href":"https:\/\/linitiative.ca\/International\/wp-json\/wp\/v2\/categories?post=123520"},{"taxonomy":"post_tag","embeddable":true,"href":"https:\/\/linitiative.ca\/International\/wp-json\/wp\/v2\/tags?post=123520"}],"curies":[{"name":"wp","href":"https:\/\/api.w.org\/{rel}","templated":true}]}}