{"id":123522,"date":"2021-08-07T10:30:00","date_gmt":"2021-08-07T14:30:00","guid":{"rendered":"https:\/\/linitiative.ca\/International\/fc-barcelone-le-message-plein-demotion-dandres-iniesta-a-messi\/"},"modified":"2021-08-07T10:30:00","modified_gmt":"2021-08-07T14:30:00","slug":"fc-barcelone-le-message-plein-demotion-dandres-iniesta-a-messi","status":"publish","type":"post","link":"https:\/\/linitiative.ca\/International\/fc-barcelone-le-message-plein-demotion-dandres-iniesta-a-messi\/","title":{"rendered":"FC Barcelone : Le message plein d&rsquo;\u00e9motion d&rsquo;Andr\u00e9s Iniesta \u00e0 Messi"},"content":{"rendered":"<div>La salve des messages \u00e0 Lionel Messi continue sur les r\u00e9seaux sociaux. Plusieurs anciens co\u00e9quipiers de l&rsquo;Argentin au FC Barcelone ont tenu \u00e0 lui rendre hommage apr\u00e8s l&rsquo;annonce de la non-prolongation de son aventure blaugrana.<img loading=\"lazy\" decoding=\"async\" src=\"http:\/\/feeds.feedburner.com\/~r\/GalerieFArtciles\/~4\/3CiHpx_cUfs\" height=\"1\" width=\"1\" alt=\"\"><\/div>\n<p>Auteur:<br \/>\n<a href=\"http:\/\/www.lebuteur.com\/article\/detail?titre=fc-barcelone-le-message-plein-demotion-dandres-iniesta-a-messi&#038;id=100784&#038;utm_source=feedburner&#038;utm_medium=feed&#038;utm_campaign=Feed%3A+GalerieFArtciles+%28Les+derniers+articles++-+lebuteur.com%29\">Cliquez ici pour lire l&rsquo;article depuis sa source.<\/a><\/p>\n","protected":false},"excerpt":{"rendered":"<p>La salve des messages \u00e0 Lionel Messi continue sur les r\u00e9seaux sociaux. Plusieurs anciens co\u00e9quipiers de l&rsquo;Argentin au FC Barcelone ont tenu \u00e0 lui rendre hommage apr\u00e8s l&rsquo;annonce de la non-prolongation de son aventure blaugrana. Auteur: Cliquez ici pour lire l&rsquo;article depuis sa source.<\/p>\n","protected":false},"author":1738,"featured_media":0,"comment_status":"closed","ping_status":"closed","sticky":false,"template":"","format":"standard","meta":{"fifu_image_url":"http:\/\/feeds.feedburner.com\/~r\/GalerieFArtciles\/~4\/3CiHpx_cUfs","fifu_image_alt":"<div>FC Barcelone : Le message plein d'\u00e9motion d'Andr\u00e9s Iniesta \u00e0 Messi<\/div>","footnotes":""},"categories":[53,75],"tags":[],"class_list":["post-123522","post","type-post","status-publish","format-standard","hentry","category-algerie","category-sport"],"_links":{"self":[{"href":"https:\/\/linitiative.ca\/International\/wp-json\/wp\/v2\/posts\/123522","targetHints":{"allow":["GET"]}}],"collection":[{"href":"https:\/\/linitiative.ca\/International\/wp-json\/wp\/v2\/posts"}],"about":[{"href":"https:\/\/linitiative.ca\/International\/wp-json\/wp\/v2\/types\/post"}],"author":[{"embeddable":true,"href":"https:\/\/linitiative.ca\/International\/wp-json\/wp\/v2\/users\/1738"}],"replies":[{"embeddable":true,"href":"https:\/\/linitiative.ca\/International\/wp-json\/wp\/v2\/comments?post=123522"}],"version-history":[{"count":0,"href":"https:\/\/linitiative.ca\/International\/wp-json\/wp\/v2\/posts\/123522\/revisions"}],"wp:attachment":[{"href":"https:\/\/linitiative.ca\/International\/wp-json\/wp\/v2\/media?parent=123522"}],"wp:term":[{"taxonomy":"category","embeddable":true,"href":"https:\/\/linitiative.ca\/International\/wp-json\/wp\/v2\/categories?post=123522"},{"taxonomy":"post_tag","embeddable":true,"href":"https:\/\/linitiative.ca\/International\/wp-json\/wp\/v2\/tags?post=123522"}],"curies":[{"name":"wp","href":"https:\/\/api.w.org\/{rel}","templated":true}]}}