{"id":123534,"date":"2021-08-07T05:44:40","date_gmt":"2021-08-07T09:44:40","guid":{"rendered":"https:\/\/linitiative.ca\/International\/maroc-la-vaccination-sest-elargie-a-la-categorie-des-20-ans-et-plus\/"},"modified":"2021-08-07T05:44:40","modified_gmt":"2021-08-07T09:44:40","slug":"maroc-la-vaccination-sest-elargie-a-la-categorie-des-20-ans-et-plus","status":"publish","type":"post","link":"https:\/\/linitiative.ca\/International\/maroc-la-vaccination-sest-elargie-a-la-categorie-des-20-ans-et-plus\/","title":{"rendered":"Maroc. La vaccination s\u2019est \u00e9largie \u00e0 la cat\u00e9gorie des 20 ans et plus"},"content":{"rendered":"<div><img decoding=\"async\" width=\"800\" height=\"450\" src=\"https:\/\/linitiative.ca\/International\/wp-content\/uploads\/sites\/23\/2021\/08\/vaccination0-1.jpg\" class=\"attachment-post-thumbnail size-post-thumbnail wp-post-image\" alt=\"\" loading=\"lazy\" srcset=\"https:\/\/linitiative.ca\/International\/wp-content\/uploads\/sites\/23\/2021\/08\/vaccination0-1.jpg 800w, https:\/\/www.challenge.ma\/wp-content\/uploads\/2021\/08\/vaccination0-1-300x169.jpg 300w, https:\/\/www.challenge.ma\/wp-content\/uploads\/2021\/08\/vaccination0-1-768x432.jpg 768w, https:\/\/www.challenge.ma\/wp-content\/uploads\/2021\/08\/vaccination0-1-360x203.jpg 360w, https:\/\/www.challenge.ma\/wp-content\/uploads\/2021\/08\/vaccination0-1-750x422.jpg 750w\" sizes=\"auto, (max-width: 800px) 100vw, 800px\" itemprop=\"image\">C\u2019est act\u00e9\u00a0! Le minist\u00e8re de la Sant\u00e9 vient d\u2019\u00e9largir officiellement la cible de vaccination \u00e0 la cat\u00e9gorie d\u2019\u00e2ge des 20-24 ans. Objectif\u00a0: atteindre l\u2019immunit\u00e9 collective le plus vite possible\u00a0et permettre aux citoyens de reprendre une vie normale. Pour acc\u00e9l\u00e9rer cette campagne de vaccination, il est recommand\u00e9 \u00e0 la cible vis\u00e9e<\/div>\n<p>Auteur: challenge<br \/>\n<a href=\"https:\/\/www.challenge.ma\/maroc-la-vaccination-sest-elargie-a-la-categorie-des-20-ans-et-plus-195185\/\">Cliquez ici pour lire l&rsquo;article depuis sa source.<\/a><\/p>\n","protected":false},"excerpt":{"rendered":"<p>C\u2019est act\u00e9\u00a0! Le minist\u00e8re de la Sant\u00e9 vient d\u2019\u00e9largir officiellement la cible de vaccination \u00e0 la cat\u00e9gorie d\u2019\u00e2ge des 20-24 ans. Objectif\u00a0: atteindre l\u2019immunit\u00e9 collective le plus vite possible\u00a0et permettre aux citoyens de reprendre une vie normale. Pour acc\u00e9l\u00e9rer cette campagne de vaccination, il est recommand\u00e9 \u00e0 la cible vis\u00e9e Auteur: challenge Cliquez ici pour [&hellip;]<\/p>\n","protected":false},"author":1787,"featured_media":0,"comment_status":"closed","ping_status":"closed","sticky":false,"template":"","format":"standard","meta":{"fifu_image_url":"https:\/\/www.challenge.ma\/wp-content\/uploads\/2021\/08\/vaccination0-1.jpg","fifu_image_alt":"Maroc. La vaccination s\u2019est \u00e9largie \u00e0 la cat\u00e9gorie des 20 ans et plus","footnotes":""},"categories":[78,54],"tags":[],"class_list":["post-123534","post","type-post","status-publish","format-standard","hentry","category-economie","category-maroc"],"_links":{"self":[{"href":"https:\/\/linitiative.ca\/International\/wp-json\/wp\/v2\/posts\/123534","targetHints":{"allow":["GET"]}}],"collection":[{"href":"https:\/\/linitiative.ca\/International\/wp-json\/wp\/v2\/posts"}],"about":[{"href":"https:\/\/linitiative.ca\/International\/wp-json\/wp\/v2\/types\/post"}],"author":[{"embeddable":true,"href":"https:\/\/linitiative.ca\/International\/wp-json\/wp\/v2\/users\/1787"}],"replies":[{"embeddable":true,"href":"https:\/\/linitiative.ca\/International\/wp-json\/wp\/v2\/comments?post=123534"}],"version-history":[{"count":0,"href":"https:\/\/linitiative.ca\/International\/wp-json\/wp\/v2\/posts\/123534\/revisions"}],"wp:attachment":[{"href":"https:\/\/linitiative.ca\/International\/wp-json\/wp\/v2\/media?parent=123534"}],"wp:term":[{"taxonomy":"category","embeddable":true,"href":"https:\/\/linitiative.ca\/International\/wp-json\/wp\/v2\/categories?post=123534"},{"taxonomy":"post_tag","embeddable":true,"href":"https:\/\/linitiative.ca\/International\/wp-json\/wp\/v2\/tags?post=123534"}],"curies":[{"name":"wp","href":"https:\/\/api.w.org\/{rel}","templated":true}]}}