{"id":123536,"date":"2021-08-07T06:41:42","date_gmt":"2021-08-07T10:41:42","guid":{"rendered":"https:\/\/linitiative.ca\/International\/ski-nautique-kamil-belmrah-sadjuge-une-double-medaille-dor\/"},"modified":"2021-08-07T06:41:42","modified_gmt":"2021-08-07T10:41:42","slug":"ski-nautique-kamil-belmrah-sadjuge-une-double-medaille-dor","status":"publish","type":"post","link":"https:\/\/linitiative.ca\/International\/ski-nautique-kamil-belmrah-sadjuge-une-double-medaille-dor\/","title":{"rendered":"Ski nautique. Kamil Belmrah s\u2019adjuge une double m\u00e9daille d\u2019or"},"content":{"rendered":"<div><img decoding=\"async\" width=\"447\" height=\"299\" src=\"https:\/\/linitiative.ca\/International\/wp-content\/uploads\/sites\/23\/2021\/08\/Kamil-Belmrah.jpg\" class=\"attachment-post-thumbnail size-post-thumbnail wp-post-image\" alt=\"\" loading=\"lazy\" srcset=\"https:\/\/linitiative.ca\/International\/wp-content\/uploads\/sites\/23\/2021\/08\/Kamil-Belmrah.jpg 447w, https:\/\/www.challenge.ma\/wp-content\/uploads\/2021\/08\/Kamil-Belmrah-300x201.jpg 300w, https:\/\/www.challenge.ma\/wp-content\/uploads\/2021\/08\/Kamil-Belmrah-360x241.jpg 360w\" sizes=\"auto, (max-width: 447px) 100vw, 447px\" itemprop=\"image\">Kamil Belmrah a remport\u00e9 une double m\u00e9daille d\u2019or dans la cat\u00e9gorie ski nautique lors des championnats d\u2019Europe et d\u2019Afrique 2020 et 2021 qui se sont d\u00e9roul\u00e9s simultan\u00e9ment \u00e0 Madrid les 4 et 5 ao\u00fbt courant. Le jeune skieur Marocain a port\u00e9 haut et fort les couleurs du Maroc sur le<\/div>\n<p>Auteur: challenge<br \/>\n<a href=\"https:\/\/www.challenge.ma\/ski-nautique-kamil-belmrah-sadjuge-une-double-medaille-dor-195190\/\">Cliquez ici pour lire l&rsquo;article depuis sa source.<\/a><\/p>\n","protected":false},"excerpt":{"rendered":"<p>Kamil Belmrah a remport\u00e9 une double m\u00e9daille d\u2019or dans la cat\u00e9gorie ski nautique lors des championnats d\u2019Europe et d\u2019Afrique 2020 et 2021 qui se sont d\u00e9roul\u00e9s simultan\u00e9ment \u00e0 Madrid les 4 et 5 ao\u00fbt courant. Le jeune skieur Marocain a port\u00e9 haut et fort les couleurs du Maroc sur le Auteur: challenge Cliquez ici pour [&hellip;]<\/p>\n","protected":false},"author":1787,"featured_media":0,"comment_status":"closed","ping_status":"closed","sticky":false,"template":"","format":"standard","meta":{"fifu_image_url":"https:\/\/www.challenge.ma\/wp-content\/uploads\/2021\/08\/Kamil-Belmrah.jpg","fifu_image_alt":"Ski nautique. Kamil Belmrah s\u2019adjuge une double m\u00e9daille d\u2019or","footnotes":""},"categories":[78,54],"tags":[],"class_list":["post-123536","post","type-post","status-publish","format-standard","hentry","category-economie","category-maroc"],"_links":{"self":[{"href":"https:\/\/linitiative.ca\/International\/wp-json\/wp\/v2\/posts\/123536","targetHints":{"allow":["GET"]}}],"collection":[{"href":"https:\/\/linitiative.ca\/International\/wp-json\/wp\/v2\/posts"}],"about":[{"href":"https:\/\/linitiative.ca\/International\/wp-json\/wp\/v2\/types\/post"}],"author":[{"embeddable":true,"href":"https:\/\/linitiative.ca\/International\/wp-json\/wp\/v2\/users\/1787"}],"replies":[{"embeddable":true,"href":"https:\/\/linitiative.ca\/International\/wp-json\/wp\/v2\/comments?post=123536"}],"version-history":[{"count":0,"href":"https:\/\/linitiative.ca\/International\/wp-json\/wp\/v2\/posts\/123536\/revisions"}],"wp:attachment":[{"href":"https:\/\/linitiative.ca\/International\/wp-json\/wp\/v2\/media?parent=123536"}],"wp:term":[{"taxonomy":"category","embeddable":true,"href":"https:\/\/linitiative.ca\/International\/wp-json\/wp\/v2\/categories?post=123536"},{"taxonomy":"post_tag","embeddable":true,"href":"https:\/\/linitiative.ca\/International\/wp-json\/wp\/v2\/tags?post=123536"}],"curies":[{"name":"wp","href":"https:\/\/api.w.org\/{rel}","templated":true}]}}