{"id":123538,"date":"2021-08-07T07:17:04","date_gmt":"2021-08-07T11:17:04","guid":{"rendered":"https:\/\/linitiative.ca\/International\/elections-professionnelles-premices-dune-nouvelle-carte-politique\/"},"modified":"2021-08-07T07:17:04","modified_gmt":"2021-08-07T11:17:04","slug":"elections-professionnelles-premices-dune-nouvelle-carte-politique","status":"publish","type":"post","link":"https:\/\/linitiative.ca\/International\/elections-professionnelles-premices-dune-nouvelle-carte-politique\/","title":{"rendered":"Elections professionnelles. Pr\u00e9mices d\u2019une nouvelle carte politique"},"content":{"rendered":"<div><img decoding=\"async\" width=\"600\" height=\"379\" src=\"https:\/\/linitiative.ca\/International\/wp-content\/uploads\/sites\/23\/2021\/08\/Photo-Election-des-chambres-profetionnelles-2.jpg\" class=\"attachment-post-thumbnail size-post-thumbnail wp-post-image\" alt=\"\" loading=\"lazy\" srcset=\"https:\/\/linitiative.ca\/International\/wp-content\/uploads\/sites\/23\/2021\/08\/Photo-Election-des-chambres-profetionnelles-2.jpg 600w, https:\/\/www.challenge.ma\/wp-content\/uploads\/2021\/08\/Photo-Election-des-chambres-profetionnelles-2-300x190.jpg 300w, https:\/\/www.challenge.ma\/wp-content\/uploads\/2021\/08\/Photo-Election-des-chambres-profetionnelles-2-360x227.jpg 360w\" sizes=\"auto, (max-width: 600px) 100vw, 600px\" itemprop=\"image\">Les r\u00e9sultats des \u00e9lections aux chambres professionnelles ont \u00e9t\u00e9 annonc\u00e9s la nuit du 6 au 7 ao\u00fbt. En nombre de si\u00e8ges, le RNI est arriv\u00e9 en t\u00eate, avec 638 si\u00e8ges sur 2230 si\u00e8ges, raflant ainsi 28,60% du total. D\u2019apr\u00e8s le minist\u00e8re de l\u2019int\u00e9rieur, la campagne \u00e9lectorale s\u2019est g\u00e9n\u00e9ralement d\u00e9roul\u00e9e dans<\/div>\n<p>Auteur: Mohamed Amine<br \/>\n<a href=\"https:\/\/www.challenge.ma\/elections-professionnelles-premices-dune-nouvelle-carte-politique-195201\/\">Cliquez ici pour lire l&rsquo;article depuis sa source.<\/a><\/p>\n","protected":false},"excerpt":{"rendered":"<p>Les r\u00e9sultats des \u00e9lections aux chambres professionnelles ont \u00e9t\u00e9 annonc\u00e9s la nuit du 6 au 7 ao\u00fbt. En nombre de si\u00e8ges, le RNI est arriv\u00e9 en t\u00eate, avec 638 si\u00e8ges sur 2230 si\u00e8ges, raflant ainsi 28,60% du total. D\u2019apr\u00e8s le minist\u00e8re de l\u2019int\u00e9rieur, la campagne \u00e9lectorale s\u2019est g\u00e9n\u00e9ralement d\u00e9roul\u00e9e dans Auteur: Mohamed Amine Cliquez ici [&hellip;]<\/p>\n","protected":false},"author":1787,"featured_media":0,"comment_status":"closed","ping_status":"closed","sticky":false,"template":"","format":"standard","meta":{"fifu_image_url":"https:\/\/www.challenge.ma\/wp-content\/uploads\/2021\/08\/Photo-Election-des-chambres-profetionnelles-2.jpg","fifu_image_alt":"Elections professionnelles. Pr\u00e9mices d\u2019une nouvelle carte politique","footnotes":""},"categories":[78,54],"tags":[],"class_list":["post-123538","post","type-post","status-publish","format-standard","hentry","category-economie","category-maroc"],"_links":{"self":[{"href":"https:\/\/linitiative.ca\/International\/wp-json\/wp\/v2\/posts\/123538","targetHints":{"allow":["GET"]}}],"collection":[{"href":"https:\/\/linitiative.ca\/International\/wp-json\/wp\/v2\/posts"}],"about":[{"href":"https:\/\/linitiative.ca\/International\/wp-json\/wp\/v2\/types\/post"}],"author":[{"embeddable":true,"href":"https:\/\/linitiative.ca\/International\/wp-json\/wp\/v2\/users\/1787"}],"replies":[{"embeddable":true,"href":"https:\/\/linitiative.ca\/International\/wp-json\/wp\/v2\/comments?post=123538"}],"version-history":[{"count":0,"href":"https:\/\/linitiative.ca\/International\/wp-json\/wp\/v2\/posts\/123538\/revisions"}],"wp:attachment":[{"href":"https:\/\/linitiative.ca\/International\/wp-json\/wp\/v2\/media?parent=123538"}],"wp:term":[{"taxonomy":"category","embeddable":true,"href":"https:\/\/linitiative.ca\/International\/wp-json\/wp\/v2\/categories?post=123538"},{"taxonomy":"post_tag","embeddable":true,"href":"https:\/\/linitiative.ca\/International\/wp-json\/wp\/v2\/tags?post=123538"}],"curies":[{"name":"wp","href":"https:\/\/api.w.org\/{rel}","templated":true}]}}