{"id":123544,"date":"2021-08-07T14:43:07","date_gmt":"2021-08-07T18:43:07","guid":{"rendered":"https:\/\/linitiative.ca\/International\/tunisie-vers-la-nomination-de-nadia-akacha-a-la-kasbah-a-loccasion-du-13-aout\/"},"modified":"2021-08-07T14:43:07","modified_gmt":"2021-08-07T18:43:07","slug":"tunisie-vers-la-nomination-de-nadia-akacha-a-la-kasbah-a-loccasion-du-13-aout","status":"publish","type":"post","link":"https:\/\/linitiative.ca\/International\/tunisie-vers-la-nomination-de-nadia-akacha-a-la-kasbah-a-loccasion-du-13-aout\/","title":{"rendered":"Tunisie \u2013 Vers la nomination de Nadia Akacha \u00e0 La Kasbah \u00e0 l\u2019occasion du 13 ao\u00fbt\u00a0?"},"content":{"rendered":"<div>\n<p>Des sources proches du palais de Carthage soutiennent que le pr\u00e9sident Ka\u00efs Sa\u00efed tendrait vers la nomination de sa cheffe de cabinet et bras droit, Nadia Akacha, au poste de chef du gouvernement. Ces m\u00eames sources expliquent que Ka\u00efs Sa\u00efed serait en train de reporter l\u2019annonce de ce choix, jusqu\u2019au 13 ao\u00fbt, co\u00efncidant avec la [\u2026]<\/p>\n<p>L\u2019article <a href=\"https:\/\/www.tunisienumerique.com\/tunisie-vers-la-nomination-de-nadia-akacha-a-la-kasbah-a-loccasion-du-13-aout\/\">Tunisie \u2013 Vers la nomination de Nadia Akacha \u00e0 La Kasbah \u00e0 l\u2019occasion du 13 ao\u00fbt\u00a0?<\/a> est apparu en premier sur <a href=\"http:\/\/www.tunisienumerique.com\/\">Tunisie<\/a>.<\/p>\n<\/div>\n<p>Auteur: Ramsis<br \/>\n<a href=\"https:\/\/www.tunisienumerique.com\/tunisie-vers-la-nomination-de-nadia-akacha-a-la-kasbah-a-loccasion-du-13-aout\/\">Cliquez ici pour lire l&rsquo;article depuis sa source.<\/a><\/p>\n","protected":false},"excerpt":{"rendered":"<p>Des sources proches du palais de Carthage soutiennent que le pr\u00e9sident Ka\u00efs Sa\u00efed tendrait vers la nomination de sa cheffe de cabinet et bras droit, Nadia Akacha, au poste de chef du gouvernement. Ces m\u00eames sources expliquent que Ka\u00efs Sa\u00efed serait en train de reporter l\u2019annonce de ce choix, jusqu\u2019au 13 ao\u00fbt, co\u00efncidant avec la [&hellip;]<\/p>\n","protected":false},"author":1789,"featured_media":0,"comment_status":"closed","ping_status":"closed","sticky":false,"template":"","format":"standard","meta":{"fifu_image_url":"","fifu_image_alt":"","footnotes":""},"categories":[73,55],"tags":[],"class_list":["post-123544","post","type-post","status-publish","format-standard","hentry","category-actualite","category-tunisie"],"_links":{"self":[{"href":"https:\/\/linitiative.ca\/International\/wp-json\/wp\/v2\/posts\/123544","targetHints":{"allow":["GET"]}}],"collection":[{"href":"https:\/\/linitiative.ca\/International\/wp-json\/wp\/v2\/posts"}],"about":[{"href":"https:\/\/linitiative.ca\/International\/wp-json\/wp\/v2\/types\/post"}],"author":[{"embeddable":true,"href":"https:\/\/linitiative.ca\/International\/wp-json\/wp\/v2\/users\/1789"}],"replies":[{"embeddable":true,"href":"https:\/\/linitiative.ca\/International\/wp-json\/wp\/v2\/comments?post=123544"}],"version-history":[{"count":0,"href":"https:\/\/linitiative.ca\/International\/wp-json\/wp\/v2\/posts\/123544\/revisions"}],"wp:attachment":[{"href":"https:\/\/linitiative.ca\/International\/wp-json\/wp\/v2\/media?parent=123544"}],"wp:term":[{"taxonomy":"category","embeddable":true,"href":"https:\/\/linitiative.ca\/International\/wp-json\/wp\/v2\/categories?post=123544"},{"taxonomy":"post_tag","embeddable":true,"href":"https:\/\/linitiative.ca\/International\/wp-json\/wp\/v2\/tags?post=123544"}],"curies":[{"name":"wp","href":"https:\/\/api.w.org\/{rel}","templated":true}]}}