{"id":123545,"date":"2021-08-07T15:37:23","date_gmt":"2021-08-07T19:37:23","guid":{"rendered":"https:\/\/linitiative.ca\/International\/tunisie-pourquoi-toutes-ces-fake-news-qui-poursuivent-chahed-et-son-ancienne-equipe\/"},"modified":"2021-08-07T15:37:23","modified_gmt":"2021-08-07T19:37:23","slug":"tunisie-pourquoi-toutes-ces-fake-news-qui-poursuivent-chahed-et-son-ancienne-equipe","status":"publish","type":"post","link":"https:\/\/linitiative.ca\/International\/tunisie-pourquoi-toutes-ces-fake-news-qui-poursuivent-chahed-et-son-ancienne-equipe\/","title":{"rendered":"Tunisie \u2013 Pourquoi toutes ces fake-news qui poursuivent Chahed et son ancienne \u00e9quipe\u00a0?"},"content":{"rendered":"<div>\n<p>Depuis quelques jours, les fake-news qui visent l\u2019ancien chef du gouvernement, Youssef Chahed, et son ancienne \u00e9quipe, ne cessent plus. On raconte \u00e0 son propos, tout et rien. On le dit frapp\u00e9 d\u2019une interdiction de voyager avec son ancien ministre, Mehdi Ben Gharbia et son ancien conseill\u00e9, Mofdi Mseddi, alors que les autorit\u00e9s ont d\u00e9menti [\u2026]<\/p>\n<p>L\u2019article <a href=\"https:\/\/www.tunisienumerique.com\/tunisie-pourquoi-toutes-ces-fake-news-qui-poursuivent-chahed-et-son-ancienne-equipe\/\">Tunisie \u2013 Pourquoi toutes ces fake-news qui poursuivent Chahed et son ancienne \u00e9quipe\u00a0?<\/a> est apparu en premier sur <a href=\"http:\/\/www.tunisienumerique.com\/\">Tunisie<\/a>.<\/p>\n<\/div>\n<p>Auteur: LM<br \/>\n<a href=\"https:\/\/www.tunisienumerique.com\/tunisie-pourquoi-toutes-ces-fake-news-qui-poursuivent-chahed-et-son-ancienne-equipe\/\">Cliquez ici pour lire l&rsquo;article depuis sa source.<\/a><\/p>\n","protected":false},"excerpt":{"rendered":"<p>Depuis quelques jours, les fake-news qui visent l\u2019ancien chef du gouvernement, Youssef Chahed, et son ancienne \u00e9quipe, ne cessent plus. On raconte \u00e0 son propos, tout et rien. On le dit frapp\u00e9 d\u2019une interdiction de voyager avec son ancien ministre, Mehdi Ben Gharbia et son ancien conseill\u00e9, Mofdi Mseddi, alors que les autorit\u00e9s ont d\u00e9menti [&hellip;]<\/p>\n","protected":false},"author":1789,"featured_media":0,"comment_status":"closed","ping_status":"closed","sticky":false,"template":"","format":"standard","meta":{"fifu_image_url":"","fifu_image_alt":"","footnotes":""},"categories":[73,55],"tags":[],"class_list":["post-123545","post","type-post","status-publish","format-standard","hentry","category-actualite","category-tunisie"],"_links":{"self":[{"href":"https:\/\/linitiative.ca\/International\/wp-json\/wp\/v2\/posts\/123545","targetHints":{"allow":["GET"]}}],"collection":[{"href":"https:\/\/linitiative.ca\/International\/wp-json\/wp\/v2\/posts"}],"about":[{"href":"https:\/\/linitiative.ca\/International\/wp-json\/wp\/v2\/types\/post"}],"author":[{"embeddable":true,"href":"https:\/\/linitiative.ca\/International\/wp-json\/wp\/v2\/users\/1789"}],"replies":[{"embeddable":true,"href":"https:\/\/linitiative.ca\/International\/wp-json\/wp\/v2\/comments?post=123545"}],"version-history":[{"count":0,"href":"https:\/\/linitiative.ca\/International\/wp-json\/wp\/v2\/posts\/123545\/revisions"}],"wp:attachment":[{"href":"https:\/\/linitiative.ca\/International\/wp-json\/wp\/v2\/media?parent=123545"}],"wp:term":[{"taxonomy":"category","embeddable":true,"href":"https:\/\/linitiative.ca\/International\/wp-json\/wp\/v2\/categories?post=123545"},{"taxonomy":"post_tag","embeddable":true,"href":"https:\/\/linitiative.ca\/International\/wp-json\/wp\/v2\/tags?post=123545"}],"curies":[{"name":"wp","href":"https:\/\/api.w.org\/{rel}","templated":true}]}}