{"id":123547,"date":"2021-08-07T07:39:50","date_gmt":"2021-08-07T11:39:50","guid":{"rendered":"https:\/\/linitiative.ca\/International\/programme-budgetaire-056-sante-publique-un-bilan-a-mis-parcours-satisfaisant\/"},"modified":"2021-08-07T07:39:50","modified_gmt":"2021-08-07T11:39:50","slug":"programme-budgetaire-056-sante-publique-un-bilan-a-mis-parcours-satisfaisant","status":"publish","type":"post","link":"https:\/\/linitiative.ca\/International\/programme-budgetaire-056-sante-publique-un-bilan-a-mis-parcours-satisfaisant\/","title":{"rendered":"\u00ab\u00a0Programme budg\u00e9taire 056 sant\u00e9 publique\u00a0\u00bb\u00a0: Un bilan a mis parcours \u00ab\u00a0satisfaisant\u00a0\u00bb"},"content":{"rendered":"<div>\n<p><strong>Le minist\u00e8re de la Sant\u00e9 a organis\u00e9 la premi\u00e8re session du comit\u00e9 de revue du \u00ab\u00a0<em>Programme budg\u00e9taire 056 sant\u00e9 publique<\/em>\u00a0\u00bb le vendredi 6 ao\u00fbt 2021, \u00e0 Ouagadougou.<\/strong><\/p>\n<p>Le programme budg\u00e9taire 056 sant\u00e9 publique du minist\u00e8re de la Sant\u00e9 se compose du Projet de renforcement des services de sant\u00e9 (PRSS), du Projet de pr\u00e9paration et de riposte contre le coronavirus (PPR Covid-19) et du Projet de construction et d\u2019\u00e9quipement du centre de g\u00e9riatrie de Ouagadougou. Pour faire le bilan \u00e0 mi-parcours du programme, son comit\u00e9 de revue s\u2019est r\u00e9uni, le vendredi 6 ao\u00fbt 2021, \u00e0 Ouagadougou.<\/p>\n<p>Selon le Secr\u00e9taire g\u00e9n\u00e9ral (SG) du minist\u00e8re de la Sant\u00e9, pr\u00e9sident du comit\u00e9 de revue, Dr wilfried Ou\u00e9draogo, ce cadre est une occasion de mesurer les r\u00e9sultats des six derniers mois et de donner des orientations pour de meilleurs r\u00e9sultats pour le reste de l\u2019ann\u00e9e.\u00a0<em>\u00ab Nous allons \u00e9valuer les actions mises en \u0153uvre par l\u2019organe de gestion des trois projets du programme pour l\u2019atteinte des objectifs\u00a0\u00bb, <\/em>a-t-il d\u00e9clar\u00e9. A l\u2019entendre, cette session d\u2019\u00e9changes intervient en pleine restructuration de la composante du PRSS et \u00e0 moins d\u2019un an de la fin du PPR Covid-19 pr\u00e9vue pour le 29 avril 2022.\u00a0<em>\u00ab\u00a0Je vous invite \u00e0 un examen sans complaisance des documents qui vous sont soumis et \u00e0 faire des propositions de solutions pertinentes aux probl\u00e8mes identifi\u00e9s pour une mise en \u0153uvre r\u00e9ussie de ces projets\u00a0\u00bb,<\/em> a-t-il exhort\u00e9.<\/p>\n<figure id=\"attachment_38274\" aria-describedby=\"caption-attachment-38274\" style=\"width: 900px\" class=\"wp-caption alignnone\"><img decoding=\"async\" loading=\"lazy\" class=\"wp-image-38274 size-full\" src=\"https:\/\/linitiative.ca\/International\/wp-content\/uploads\/sites\/23\/2021\/08\/2-1.jpeg\" alt=\"\" width=\"900\" height=\"675\" srcset=\"https:\/\/linitiative.ca\/International\/wp-content\/uploads\/sites\/23\/2021\/08\/2-1.jpeg 900w, https:\/\/www.sidwaya.info\/wp-content\/uploads\/2021\/08\/2-1-300x225.jpeg 300w, https:\/\/www.sidwaya.info\/wp-content\/uploads\/2021\/08\/2-1-768x576.jpeg 768w, https:\/\/www.sidwaya.info\/wp-content\/uploads\/2021\/08\/2-1-150x113.jpeg 150w, https:\/\/www.sidwaya.info\/wp-content\/uploads\/2021\/08\/2-1-696x522.jpeg 696w, https:\/\/www.sidwaya.info\/wp-content\/uploads\/2021\/08\/2-1-560x420.jpeg 560w, https:\/\/www.sidwaya.info\/wp-content\/uploads\/2021\/08\/2-1-80x60.jpeg 80w, https:\/\/www.sidwaya.info\/wp-content\/uploads\/2021\/08\/2-1-265x198.jpeg 265w\" sizes=\"auto, (max-width: 900px) 100vw, 900px\"><figcaption id=\"caption-attachment-38274\" class=\"wp-caption-text\">Les participants \u00e0 cette session ont \u00e9t\u00e9 appel\u00e9s \u00e0 faire des recommandations pertinentes.<\/figcaption><\/figure>\n<p>Pour la Directrice g\u00e9n\u00e9rale des \u00e9tudes et des statistiques sectorielles (DGESS), Dr Estelle Dabir\u00e9\u00a0\/Demb\u00e9l\u00e9, le bilan du premier semestre de l\u2019ann\u00e9e 2021 est satisfaisant au vu des diff\u00e9rentes activit\u00e9s d\u00e9j\u00e0 r\u00e9alis\u00e9es<em>.\u00a0<\/em>A l\u2019en croire, des documents de gestion de projets par rapport \u00e0 la question du contr\u00f4le interne des projets du \u00ab\u00a0<em>Programme budg\u00e9taire 056 sant\u00e9 publique\u00a0<\/em>\u00bb vont \u00eatre adopt\u00e9s au cours de la session. <em>\u00ab\u00a0Lors du dernier comit\u00e9 de revue de 2020 nous avons fait des recommandations qui ont \u00e9t\u00e9 trait\u00e9es au cours du premier semestre de 2021 mais il y\u2019a toujours des d\u00e9fis \u00e0 relever\u00a0\u00bb, <\/em>a-t-elle fait savoir.<\/p>\n<p>Le comit\u00e9, selon elle, est compos\u00e9 des repr\u00e9sentants des minist\u00e8res en charge de la sant\u00e9, de l\u2019\u00e9conomie, de la femme, de l\u2019eau, etc. dont la contribution a permis d\u2019am\u00e9liorer la gestion du programme.<\/p>\n<p style=\"text-align: right\">\u00a0\u00a0\u00a0\u00a0\u00a0\u00a0\u00a0\u00a0\u00a0\u00a0\u00a0\u00a0\u00a0\u00a0\u00a0\u00a0\u00a0\u00a0\u00a0\u00a0\u00a0\u00a0\u00a0\u00a0\u00a0\u00a0\u00a0\u00a0\u00a0\u00a0\u00a0\u00a0\u00a0\u00a0\u00a0\u00a0\u00a0\u00a0\u00a0\u00a0\u00a0\u00a0\u00a0\u00a0\u00a0\u00a0\u00a0\u00a0\u00a0\u00a0\u00a0\u00a0\u00a0\u00a0\u00a0\u00a0\u00a0\u00a0\u00a0\u00a0\u00a0\u00a0 <strong>Sidwaya Ida OUEDRAOGO<\/strong><\/p>\n<p style=\"text-align: right\"><strong>\u00a0\u00a0\u00a0\u00a0\u00a0\u00a0\u00a0\u00a0\u00a0\u00a0\u00a0\u00a0 \u00a0\u00a0\u00a0\u00a0\u00a0\u00a0\u00a0\u00a0\u00a0\u00a0\u00a0\u00a0\u00a0\u00a0\u00a0\u00a0\u00a0\u00a0\u00a0\u00a0\u00a0\u00a0\u00a0\u00a0\u00a0\u00a0\u00a0\u00a0\u00a0\u00a0\u00a0\u00a0\u00a0\u00a0\u00a0\u00a0\u00a0\u00a0\u00a0\u00a0\u00a0\u00a0\u00a0\u00a0\u00a0\u00a0\u00a0\u00a0\u00a0\u00a0(Stagiaire)<\/strong><\/p>\n<p>L\u2019article <a rel=\"nofollow\" href=\"https:\/\/www.sidwaya.info\/blog\/2021\/08\/07\/programme-budgetaire-056-sante-publique-un-bilan-a-mis-parcours-satisfaisant\/\">\u00ab\u00a0Programme budg\u00e9taire 056 sant\u00e9 publique\u00a0\u00bb\u00a0: Un bilan a mis parcours \u00ab\u00a0satisfaisant\u00a0\u00bb<\/a> est apparu en premier sur <a rel=\"nofollow\" href=\"https:\/\/www.sidwaya.info\/\">Quotidien Sidwaya<\/a>.<\/p>\n<\/div>\n<p>Auteur: Wamini SIDWAYA<br \/>\n<a href=\"https:\/\/www.sidwaya.info\/blog\/2021\/08\/07\/programme-budgetaire-056-sante-publique-un-bilan-a-mis-parcours-satisfaisant\/\">Cliquez ici pour lire l&rsquo;article depuis sa source.<\/a><\/p>\n","protected":false},"excerpt":{"rendered":"<p>Le minist\u00e8re de la Sant\u00e9 a organis\u00e9 la premi\u00e8re session du comit\u00e9 de revue du \u00ab\u00a0Programme budg\u00e9taire 056 sant\u00e9 publique\u00a0\u00bb le vendredi 6 ao\u00fbt 2021, \u00e0 Ouagadougou. Le programme budg\u00e9taire 056 sant\u00e9 publique du minist\u00e8re de la Sant\u00e9 se compose du Projet de renforcement des services de sant\u00e9 (PRSS), du Projet de pr\u00e9paration et de [&hellip;]<\/p>\n","protected":false},"author":1816,"featured_media":0,"comment_status":"closed","ping_status":"closed","sticky":false,"template":"","format":"standard","meta":{"fifu_image_url":"https:\/\/www.sidwaya.info\/wp-content\/uploads\/2021\/08\/2-1.jpeg","fifu_image_alt":"\u00ab\u00a0Programme budg\u00e9taire 056 sant\u00e9 publique\u00a0\u00bb\u00a0: Un bilan a mis parcours \u00ab\u00a0satisfaisant\u00a0\u00bb","footnotes":""},"categories":[73,81],"tags":[],"class_list":["post-123547","post","type-post","status-publish","format-standard","hentry","category-actualite","category-burkina-faso"],"_links":{"self":[{"href":"https:\/\/linitiative.ca\/International\/wp-json\/wp\/v2\/posts\/123547","targetHints":{"allow":["GET"]}}],"collection":[{"href":"https:\/\/linitiative.ca\/International\/wp-json\/wp\/v2\/posts"}],"about":[{"href":"https:\/\/linitiative.ca\/International\/wp-json\/wp\/v2\/types\/post"}],"author":[{"embeddable":true,"href":"https:\/\/linitiative.ca\/International\/wp-json\/wp\/v2\/users\/1816"}],"replies":[{"embeddable":true,"href":"https:\/\/linitiative.ca\/International\/wp-json\/wp\/v2\/comments?post=123547"}],"version-history":[{"count":0,"href":"https:\/\/linitiative.ca\/International\/wp-json\/wp\/v2\/posts\/123547\/revisions"}],"wp:attachment":[{"href":"https:\/\/linitiative.ca\/International\/wp-json\/wp\/v2\/media?parent=123547"}],"wp:term":[{"taxonomy":"category","embeddable":true,"href":"https:\/\/linitiative.ca\/International\/wp-json\/wp\/v2\/categories?post=123547"},{"taxonomy":"post_tag","embeddable":true,"href":"https:\/\/linitiative.ca\/International\/wp-json\/wp\/v2\/tags?post=123547"}],"curies":[{"name":"wp","href":"https:\/\/api.w.org\/{rel}","templated":true}]}}